{"id":1,"date":"2017-06-18T21:40:48","date_gmt":"2017-06-18T18:40:48","guid":{"rendered":"http:\/\/tunru.com\/2\/?p=1"},"modified":"2026-08-29T09:23:29","modified_gmt":"2026-08-29T06:23:29","slug":"%d8%a8%d8%a7%d8%b2%d8%a7%d8%b1-%d8%a3%d9%85%d8%b5%d8%b1%d8%a9-%d8%ba%d8%a7%d9%84%d8%a7-%d8%a8%d8%a7%d8%b2%d8%a7%d8%b1%d9%8a-%d8%a7%d9%84%d9%86%d8%b3%d8%a7%d8%a6%d9%8a","status":"publish","type":"post","link":"https:\/\/amasra.com.tr\/ar\/amasra-galla-bazari-kadinlar-pazari\/","title":{"rendered":"Amasra Galla Pazar\u0131 (Kad\u0131nlar Pazar\u0131): Sal\u0131 ve Cuma G\u00fcnleri"},"content":{"rendered":"<p><strong>Amasra&#8217;n\u0131n haftal\u0131k halk pazar\u0131, kasaban\u0131n en canl\u0131 ve en yerel yan\u0131d\u0131r. Sal\u0131 ve cuma g\u00fcnleri kurulur; \u00e7evre k\u00f6ylerden gelen \u00fcreticiler kendi yeti\u015ftirdiklerini satar.<\/strong><\/p>\n<p>\u0628\u064a\u0646 \u0627\u0644\u0646\u0627\u0633 <strong>Galla Bazar\u0131<\/strong> \u0623\u0648 <strong>Kad\u0131nlar Pazar\u0131<\/strong> olarak bilinir. Ad\u0131ndaki &#8220;kad\u0131nlar&#8221; tan\u0131m\u0131 bo\u015funa de\u011fildir: tezg\u00e2hlar\u0131n b\u00fcy\u00fck b\u00f6l\u00fcm\u00fcn\u00fc k\u00f6ylerden gelen kad\u0131n \u00fcreticiler kurar, kendi bah\u00e7esinden getirdi\u011fini kendi satar. Amasra&#8217;ya gelip pazara u\u011framamak, kasaban\u0131n g\u00fcndelik hayat\u0131n\u0131 g\u00f6rmeden d\u00f6nmek demektir.<\/p>\n<h2>Ne zaman kurulur?<\/h2>\n<p><strong>Sal\u0131 ve cuma g\u00fcnleri.<\/strong> Sabah erken saatlerde kurulur ve \u00f6\u011fleden sonra da\u011f\u0131lmaya ba\u015flar. En zengin tezg\u00e2h\u0131 g\u00f6rmek istiyorsan\u0131z sabah 09.00\u201311.00 aras\u0131 gidin; hem \u00e7e\u015fit fazlad\u0131r hem kalabal\u0131k hen\u00fcz bast\u0131rmam\u0131\u015ft\u0131r.<\/p>\n<h2>Nerede kurulur?<\/h2>\n<p>Pazar, Amasra merkezinde kurulur ve kasaban\u0131n k\u00fc\u00e7\u00fckl\u00fc\u011f\u00fc sayesinde her yerden y\u00fcr\u00fcyerek ula\u015f\u0131l\u0131r. Konum i\u00e7in:<br \/>\n<a href=\"https:\/\/www.google.com\/maps\/search\/?api=1&amp;query=Amasra+Galla+Pazar%C4%B1\" target=\"_blank\" rel=\"noopener\">Google Haritalar&#8217;da Amasra Galla Pazar\u0131<\/a>.<br \/>\nPazar g\u00fcnlerinde merkezde ara\u00e7 trafi\u011fi yo\u011funla\u015f\u0131r; arac\u0131n\u0131z\u0131 kasaba giri\u015findeki otoparklara b\u0131rak\u0131p y\u00fcr\u00fcmek en rahat\u0131d\u0131r.<\/p>\n<h2>Pazarda ne bulunur?<\/h2>\n<ul>\n<li><strong>Mevsim sebzesi ve ye\u015fillik<\/strong> \u2014 ilkbaharda mad\u0131mak, \u0131s\u0131rgan ve taze otlar; yaz\u0131n domates, biber, fasulye.<\/li>\n<li><strong>Kestane bal\u0131<\/strong> \u2014 y\u00f6renin en bilinen \u00fcr\u00fcnlerinden biri, k\u0131\u015fa do\u011fru bolla\u015f\u0131r.<\/li>\n<li><strong>Ev re\u00e7elleri ve pekmez<\/strong> \u2014 incir, k\u0131z\u0131lc\u0131k, b\u00f6\u011f\u00fcrtlen; \u00fcreticinin kendi kaynatt\u0131\u011f\u0131.<\/li>\n<li><strong>Bart\u0131n kuru fasulyesi<\/strong> \u2014 b\u00f6lgenin tescilli lezzeti, sonbaharda taze hasat gelir.<\/li>\n<li><strong>M\u0131s\u0131r unu<\/strong> \u2014 Karadeniz mutfa\u011f\u0131n\u0131n temeli; bal\u0131k tavas\u0131 i\u00e7in gereken un buradan al\u0131n\u0131r.<\/li>\n<li><strong>Ceviz, f\u0131nd\u0131k ve kestane<\/strong> \u2014 eyl\u00fcl-ekim hasad\u0131ndan sonra tezg\u00e2h\u0131n y\u0131ld\u0131z\u0131 olur.<\/li>\n<li><strong>El i\u015fi ve has\u0131r \u00fcr\u00fcnler<\/strong> \u2014 sepet, \u00f6rg\u00fc ve k\u00fc\u00e7\u00fck ev e\u015fyalar\u0131.<\/li>\n<\/ul>\n<h2>Al\u0131\u015fveri\u015f ipu\u00e7lar\u0131<\/h2>\n<ul>\n<li>Nakit bulundurun; k\u00fc\u00e7\u00fck tezg\u00e2hlar\u0131n \u00e7o\u011funda kart ge\u00e7mez.<\/li>\n<li>Kendi bezinizi ya da filenizi g\u00f6t\u00fcr\u00fcn.<\/li>\n<li>Mevsimini sorun \u2014 \u00fcretici size neyin o hafta topland\u0131\u011f\u0131n\u0131 s\u00f6yler; en lezzetlisi odur.<\/li>\n<li>Re\u00e7el ve bal gibi \u00fcr\u00fcnler hediyelik i\u00e7in idealdir, yolculu\u011fa dayan\u0131r.<\/li>\n<\/ul>\n<h2>Yak\u0131n\u0131nda ne var?<\/h2>\n<p>Pazar d\u00f6n\u00fc\u015f\u00fc <a href=\"\/ar\/%d8%b3%d9%8a%d9%83%d9%8a%d8%b3%d9%8a%d9%84%d8%b1-%d9%83%d8%a7%d8%b1%d9%8a%d8%b3%d9%8a\/\">\u0628\u0627\u0632\u0627\u0631 \u062c\u0630\u0627\u0628<\/a>&#8216;na u\u011fray\u0131p ah\u015fap el i\u015flerine bakabilir,<br \/>\n<a href=\"\/ar\/%d9%82%d9%84%d8%b9%d8%a9-%d8%a7%d9%84%d8%a3%d9%85%d8%b5%d8%b1%d8%a9\/\">\u0642\u0644\u0639\u0629 \u0623\u0645\u0627\u0633\u0631\u0627<\/a> \u0648 <a href=\"\/ar\/%d9%85%d8%aa%d8%ad%d9%81-%d8%a7%d9%84%d8%a3%d9%85%d8%b5%d8%b1%d8%a9\/\">\u0645\u062a\u062d\u0641 \u0623\u0645\u0627\u0633\u0631\u0627<\/a> ile g\u00fcn\u00fc tamamlayabilirsiniz.<br \/>\nAmasra&#8217;da hangi ay ne bulundu\u011funu g\u00f6rmek i\u00e7in <a href=\"\/ar\/amasra-etkinlik-takvimi\/\">etkinlik takvimimize<\/a> g\u00f6z at\u0131n.<\/p>","protected":false},"excerpt":{"rendered":"<p>Amasra&#8217;n\u0131n haftal\u0131k halk pazar\u0131 sal\u0131 ve cuma kurulur. Ne sat\u0131l\u0131r, ne zaman gidilir, nerede kurulur \u2014 t\u00fcm ayr\u0131nt\u0131lar.<\/p>","protected":false},"author":1,"featured_media":12152,"comment_status":"open","ping_status":"open","sticky":false,"template":"","format":"standard","meta":{"_yoast_wpseo_title":"","_yoast_wpseo_metadesc":"","_yoast_wpseo_focuskw":"","_yoast_wpseo_canonical":"","rank_math_title":"Amasra Galla Pazar\u0131: Hangi G\u00fcnler Kurulur, Ne Sat\u0131l\u0131r?","rank_math_description":"Amasra Galla (Kad\u0131nlar) Pazar\u0131 sal\u0131 ve cuma g\u00fcnleri kurulur. Kestane bal\u0131, ev re\u00e7elleri, Bart\u0131n kuru fasulyesi ve y\u00f6resel \u00fcr\u00fcnler i\u00e7in rehber.","rank_math_focus_keyword":"amasra galla pazar\u0131","rank_math_canonical_url":"","footnotes":""},"categories":[29,31],"tags":[36751,36750],"class_list":["post-1","post","type-post","status-publish","format-standard","has-post-thumbnail","hentry","category-gezilecek-yerler","category-gastronomi","tag-amasra-yoresel-sebze-meyve-pazari","tag-galla-pazari"],"_links":{"self":[{"href":"https:\/\/amasra.com.tr\/ar\/wp-json\/wp\/v2\/posts\/1","targetHints":{"allow":["GET"]}}],"collection":[{"href":"https:\/\/amasra.com.tr\/ar\/wp-json\/wp\/v2\/posts"}],"about":[{"href":"https:\/\/amasra.com.tr\/ar\/wp-json\/wp\/v2\/types\/post"}],"author":[{"embeddable":true,"href":"https:\/\/amasra.com.tr\/ar\/wp-json\/wp\/v2\/users\/1"}],"replies":[{"embeddable":true,"href":"https:\/\/amasra.com.tr\/ar\/wp-json\/wp\/v2\/comments?post=1"}],"version-history":[{"count":2,"href":"https:\/\/amasra.com.tr\/ar\/wp-json\/wp\/v2\/posts\/1\/revisions"}],"predecessor-version":[{"id":17592,"href":"https:\/\/amasra.com.tr\/ar\/wp-json\/wp\/v2\/posts\/1\/revisions\/17592"}],"wp:featuredmedia":[{"embeddable":true,"href":"https:\/\/amasra.com.tr\/ar\/wp-json\/wp\/v2\/media\/12152"}],"wp:attachment":[{"href":"https:\/\/amasra.com.tr\/ar\/wp-json\/wp\/v2\/media?parent=1"}],"wp:term":[{"taxonomy":"category","embeddable":true,"href":"https:\/\/amasra.com.tr\/ar\/wp-json\/wp\/v2\/categories?post=1"},{"taxonomy":"post_tag","embeddable":true,"href":"https:\/\/amasra.com.tr\/ar\/wp-json\/wp\/v2\/tags?post=1"}],"curies":[{"name":"wp","href":"https:\/\/api.w.org\/{rel}","templated":true}]}}