{"id":12574,"date":"2017-06-02T13:44:59","date_gmt":"2017-06-02T10:44:59","guid":{"rendered":"http:\/\/amasra.com.tr\/?p=12574"},"modified":"2017-06-02T13:44:59","modified_gmt":"2017-06-02T10:44:59","slug":"%d8%b1%d8%a7%d9%84%d9%8a-%d8%a7%d9%84%d9%8a%d8%ae%d9%88%d8%aa-%d9%83%d8%a7%d9%8a%d8%b1%d8%a7-2017","status":"publish","type":"post","link":"https:\/\/amasra.com.tr\/ar\/kayra-2017-yat-rallisi\/","title":{"rendered":"KAYRA 2017 Yacht Rally"},"content":{"rendered":"<p>DADD Rally \u0645\u0646 KAYRA \u061b<br \/>\n\u062a\u062a\u0648\u0627\u0635\u0644 \u062c\u0647\u0648\u062f\u0646\u0627 \u0644\u0644\u0645\u0633\u0627\u0647\u0645\u0629 \u0641\u064a \u0627\u0644\u0623\u0646\u0634\u0637\u0629 \u0627\u0644\u0628\u062d\u0631\u064a\u0629 \u0648\u0627\u0644\u0633\u064a\u0627\u062d\u064a\u0629 \u0641\u064a \u0627\u0644\u0645\u062f\u0646 \u0627\u0644\u0633\u0627\u062d\u0644\u064a\u0629 \u0627\u0644\u062a\u064a \u0646\u0639\u064a\u0634 \u0641\u064a\u0647\u0627 \u060c \u0648\u0627\u0644\u062a\u064a \u0628\u062f\u0623\u062a \u0642\u0628\u0644 20 \u0639\u0627\u0645\u064b\u0627 \u0628\u0625\u0646\u0634\u0627\u0621 \u0646\u0627\u062f\u064a \u0623\u0645\u0627\u0633\u0631\u0627 \u0644\u0644\u0625\u0628\u062d\u0627\u0631 \u0648\u062a\u0646\u0638\u064a\u0645 \u0631\u0627\u0644\u064a \u064a\u062e\u0648\u062a \u0627\u0644\u0628\u062d\u0631 \u0627\u0644\u0623\u0633\u0648\u062f.<br \/>\n\u0628\u0635\u0641\u062a\u0646\u0627 \u0645\u062a\u0637\u0648\u0639\u064a\u0646 \u0641\u064a \u0646\u0627\u062f\u064a \u0623\u0645\u0627\u0633\u0631\u0627 \u0644\u0644\u0625\u0628\u062d\u0627\u0631 \u0648\u0646\u0627\u062f\u064a \u0633\u064a\u064a\u062f \u0644\u0644\u0625\u0628\u062d\u0627\u0631 \u0648\u0645\u0646\u0637\u0642\u0629 \u063a\u0631\u0628 \u0627\u0644\u0628\u062d\u0631 \u0627\u0644\u0623\u0633\u0648\u062f \u060c \u0641\u0625\u0646\u0646\u0627 \u0646\u0639\u0645\u0644 \u0645\u0646 \u0623\u062c\u0644 \u0631\u0627\u0644\u064a DADD \u0647\u0630\u0647 \u0627\u0644\u0645\u0631\u0629.<\/p>\n<p><a href=\"http:\/\/amasra.com.tr\/wp-content\/uploads\/2017\/06\/amasra-yelken-kulubu-ekibi.jpg\"><img loading=\"lazy\" decoding=\"async\" class=\"alignnone size-medium wp-image-12575\" src=\"http:\/\/amasra.com.tr\/wp-content\/uploads\/2017\/06\/amasra-yelken-kulubu-ekibi-230x230.jpg\" alt=\"\" width=\"230\" height=\"230\" srcset=\"https:\/\/amasra.com.tr\/wp-content\/uploads\/2017\/06\/amasra-yelken-kulubu-ekibi-230x230.jpg 230w, https:\/\/amasra.com.tr\/wp-content\/uploads\/2017\/06\/amasra-yelken-kulubu-ekibi-167x167.jpg 167w, https:\/\/amasra.com.tr\/wp-content\/uploads\/2017\/06\/amasra-yelken-kulubu-ekibi-50x50.jpg 50w\" sizes=\"auto, (max-width: 230px) 100vw, 230px\" \/><\/a> <a href=\"http:\/\/amasra.com.tr\/wp-content\/uploads\/2017\/06\/amasra-yelken-kulubu-logo.jpg\"><img loading=\"lazy\" decoding=\"async\" class=\"alignnone size-medium wp-image-12576\" src=\"http:\/\/amasra.com.tr\/wp-content\/uploads\/2017\/06\/amasra-yelken-kulubu-logo-230x230.jpg\" alt=\"\" width=\"230\" height=\"230\" srcset=\"https:\/\/amasra.com.tr\/wp-content\/uploads\/2017\/06\/amasra-yelken-kulubu-logo-230x230.jpg 230w, https:\/\/amasra.com.tr\/wp-content\/uploads\/2017\/06\/amasra-yelken-kulubu-logo-167x167.jpg 167w, https:\/\/amasra.com.tr\/wp-content\/uploads\/2017\/06\/amasra-yelken-kulubu-logo-50x50.jpg 50w\" sizes=\"auto, (max-width: 230px) 100vw, 230px\" \/><\/a> <a href=\"http:\/\/amasra.com.tr\/wp-content\/uploads\/2017\/06\/2012-amasra-kayra.jpg\"><img loading=\"lazy\" decoding=\"async\" class=\"alignnone size-medium wp-image-12577\" src=\"http:\/\/amasra.com.tr\/wp-content\/uploads\/2017\/06\/2012-amasra-kayra-230x230.jpg\" alt=\"\" width=\"230\" height=\"230\" srcset=\"https:\/\/amasra.com.tr\/wp-content\/uploads\/2017\/06\/2012-amasra-kayra-230x230.jpg 230w, https:\/\/amasra.com.tr\/wp-content\/uploads\/2017\/06\/2012-amasra-kayra-167x167.jpg 167w, https:\/\/amasra.com.tr\/wp-content\/uploads\/2017\/06\/2012-amasra-kayra-50x50.jpg 50w\" sizes=\"auto, (max-width: 230px) 100vw, 230px\" \/><\/a> <a href=\"http:\/\/amasra.com.tr\/wp-content\/uploads\/2017\/06\/cide-yelken-kulubu.jpg\"><img loading=\"lazy\" decoding=\"async\" class=\"alignnone size-medium wp-image-12578\" src=\"http:\/\/amasra.com.tr\/wp-content\/uploads\/2017\/06\/cide-yelken-kulubu-230x230.jpg\" alt=\"\" width=\"230\" height=\"230\" srcset=\"https:\/\/amasra.com.tr\/wp-content\/uploads\/2017\/06\/cide-yelken-kulubu-230x230.jpg 230w, https:\/\/amasra.com.tr\/wp-content\/uploads\/2017\/06\/cide-yelken-kulubu-167x167.jpg 167w, https:\/\/amasra.com.tr\/wp-content\/uploads\/2017\/06\/cide-yelken-kulubu-50x50.jpg 50w\" sizes=\"auto, (max-width: 230px) 100vw, 230px\" \/><\/a> <a href=\"http:\/\/amasra.com.tr\/wp-content\/uploads\/2017\/06\/kayra-yat-rallisi.jpg\"><img loading=\"lazy\" decoding=\"async\" class=\"alignnone size-medium wp-image-12579\" src=\"http:\/\/amasra.com.tr\/wp-content\/uploads\/2017\/06\/kayra-yat-rallisi-230x230.jpg\" alt=\"\" width=\"230\" height=\"230\" srcset=\"https:\/\/amasra.com.tr\/wp-content\/uploads\/2017\/06\/kayra-yat-rallisi-230x230.jpg 230w, https:\/\/amasra.com.tr\/wp-content\/uploads\/2017\/06\/kayra-yat-rallisi-167x167.jpg 167w, https:\/\/amasra.com.tr\/wp-content\/uploads\/2017\/06\/kayra-yat-rallisi-50x50.jpg 50w\" sizes=\"auto, (max-width: 230px) 100vw, 230px\" \/><\/a> <a href=\"http:\/\/amasra.com.tr\/wp-content\/uploads\/2017\/06\/kayra-2017.jpg\"><img loading=\"lazy\" decoding=\"async\" class=\"alignnone size-medium wp-image-12580\" src=\"http:\/\/amasra.com.tr\/wp-content\/uploads\/2017\/06\/kayra-2017-230x230.jpg\" alt=\"\" width=\"230\" height=\"230\" srcset=\"https:\/\/amasra.com.tr\/wp-content\/uploads\/2017\/06\/kayra-2017-230x230.jpg 230w, https:\/\/amasra.com.tr\/wp-content\/uploads\/2017\/06\/kayra-2017-167x167.jpg 167w, https:\/\/amasra.com.tr\/wp-content\/uploads\/2017\/06\/kayra-2017-50x50.jpg 50w\" sizes=\"auto, (max-width: 230px) 100vw, 230px\" \/><\/a><br \/>\n\u0646\u062d\u0646 \u0641\u064a Sea Black Sea Yacht Rally \u0627\u0644\u0630\u064a \u0646\u0638\u0645\u062a\u0647 \u062c\u0645\u0639\u064a\u0629 \u0627\u0644\u0628\u062d\u0627\u0631\u0629 \u0627\u0644\u0647\u0648\u0627\u0629 \u061b \u0647\u0630\u0647 \u0627\u0644\u0645\u0631\u0629 \u062d\u0648\u0627\u0644\u064a 20 \u064a\u062e\u062a\u064b\u0627 \u0648 70 \u0628\u062d\u0627\u0631\u064b\u0627<span class=\"text_exposed_show\">\u0633\u064a\u0643\u0648\u0646\u0648\u0646 \u0636\u064a\u0648\u0641\u064b\u0627 \u0641\u064a \u0645\u0648\u0627\u0646\u0626\u0646\u0627 \u0645\u0639 Zci \u0641\u064a \u064a\u0648\u0644\u064a\u0648.<br \/>\n\u0633\u0646\u062d\u0627\u0648\u0644 \u062a\u0648\u062c\u064a\u0647 \u0647\u0630\u0647 \u0627\u0644\u0645\u0646\u0638\u0645\u0629 \u0627\u0644\u062a\u064a \u064a\u0645\u0643\u0646 \u0627\u0639\u062a\u0628\u0627\u0631\u0647\u0627 \u0641\u0631\u0635\u0629 \u0644\u0644\u0633\u064a\u0627\u062d\u0629 \u0648\u0627\u0644\u0628\u062d\u0631\u064a\u0629 \u0641\u064a \u0645\u0646\u0637\u0642\u062a\u0646\u0627 \u060c \u0628\u062f\u0639\u0645 \u0645\u0646 \u062c\u0645\u064a\u0639 \u0623\u0635\u062f\u0642\u0627\u0626\u0646\u0627.<br \/>\n\u0644\u0647\u0630\u0627 \u0627\u0644\u063a\u0631\u0636 \u060c \u0639\u0642\u062f\u0646\u0627 \u0623\u0648\u0644 \u0627\u062c\u062a\u0645\u0627\u0639 \u0644\u0646\u0627 \u0643\u0645\u0645\u062b\u0644\u064a\u0646 \u0639\u0646 Cide \u0648 Kuruca\u015file \u0648 Amasra \u0648 Bart\u0131n.<br \/>\n\u0646\u062a\u0637\u0644\u0639 \u0625\u0644\u0649 \u0627\u0647\u062a\u0645\u0627\u0645\u0643 \u0628\u0627\u0644\u0642\u0631\u0627\u0631 \u0648\u0627\u0644\u062a\u0646\u0641\u064a\u0630 \u0645\u0639\u064b\u0627.<\/span><\/p>\n<p style=\"text-align: right;\"><a href=\"https:\/\/www.facebook.com\/huseyin.coban.165?\" target=\"_blank\" rel=\"noopener noreferrer\">\u062d\u0633\u064a\u0646 \u0627\u0644\u0631\u0627\u0639\u064a<\/a><\/p>\n<p>&nbsp;<\/p>","protected":false},"excerpt":{"rendered":"<p>KAYRA&#8217;dan DADD Ralliye; 20 y\u0131l \u00f6nce Amasra Yelken Kul\u00fcb\u00fc kurulmas\u0131 ve Karadeniz Yat Rallisi organizasyoru ile ba\u015flayan, ya\u015fad\u0131\u011f\u0131m\u0131z liman kentlerindeki denizcilik ve turizm faaliyetlerine katk\u0131 i\u00e7in yapt\u0131\u011f\u0131m\u0131z \u00e7al\u0131\u015fmalar devam ediyor. Amasra Yelken Kul\u00fcb\u00fc, Cide Yelken Kul\u00fcb\u00fc ve Bat\u0131 Karadenizin g\u00f6n\u00fcll\u00fcleri olarak bu defa DADD ralli i\u00e7in \u00e7al\u0131\u015f\u0131yoruz. Denizlerdeyiz Amat\u00f6r Denizciler Derne\u011fi taraf\u0131ndan organize edilen Karadeniz [&hellip;]<\/p>\n","protected":false},"author":1,"featured_media":12580,"comment_status":"open","ping_status":"open","sticky":false,"template":"","format":"standard","meta":{"footnotes":""},"categories":[89],"tags":[36745,36746,36747],"class_list":["post-12574","post","type-post","status-publish","format-standard","has-post-thumbnail","hentry","category-amasra-haberleri","tag-amasra-yelken-kulubu","tag-cide-yelken-kulubu","tag-kayra-yat-rallisi"],"_links":{"self":[{"href":"https:\/\/amasra.com.tr\/ar\/wp-json\/wp\/v2\/posts\/12574","targetHints":{"allow":["GET"]}}],"collection":[{"href":"https:\/\/amasra.com.tr\/ar\/wp-json\/wp\/v2\/posts"}],"about":[{"href":"https:\/\/amasra.com.tr\/ar\/wp-json\/wp\/v2\/types\/post"}],"author":[{"embeddable":true,"href":"https:\/\/amasra.com.tr\/ar\/wp-json\/wp\/v2\/users\/1"}],"replies":[{"embeddable":true,"href":"https:\/\/amasra.com.tr\/ar\/wp-json\/wp\/v2\/comments?post=12574"}],"version-history":[{"count":0,"href":"https:\/\/amasra.com.tr\/ar\/wp-json\/wp\/v2\/posts\/12574\/revisions"}],"wp:featuredmedia":[{"embeddable":true,"href":"https:\/\/amasra.com.tr\/ar\/wp-json\/wp\/v2\/media\/12580"}],"wp:attachment":[{"href":"https:\/\/amasra.com.tr\/ar\/wp-json\/wp\/v2\/media?parent=12574"}],"wp:term":[{"taxonomy":"category","embeddable":true,"href":"https:\/\/amasra.com.tr\/ar\/wp-json\/wp\/v2\/categories?post=12574"},{"taxonomy":"post_tag","embeddable":true,"href":"https:\/\/amasra.com.tr\/ar\/wp-json\/wp\/v2\/tags?post=12574"}],"curies":[{"name":"wp","href":"https:\/\/api.w.org\/{rel}","templated":true}]}}