{"id":17296,"date":"2025-10-26T22:41:14","date_gmt":"2025-10-26T19:41:14","guid":{"rendered":"https:\/\/amasra.com.tr\/?p=17296"},"modified":"2026-04-11T09:58:47","modified_gmt":"2026-04-11T06:58:47","slug":"renkli-gecmisin-izinde-eski-amasra-fotograflariyla-zaman-yolculugu","status":"publish","type":"post","link":"https:\/\/amasra.com.tr\/ar\/renkli-gecmisin-izinde-eski-amasra-fotograflariyla-zaman-yolculugu\/","title":{"rendered":"Renkli Ge\u00e7mi\u015fin \u0130zinde: Eski Amasra Foto\u011fraflar\u0131yla Zaman Yolculu\u011fu"},"content":{"rendered":"<p>Amasra, Karadeniz\u2019in k\u0131y\u0131s\u0131nda y\u00fczy\u0131llar\u0131n sessiz tan\u0131\u011f\u0131\u2026 Antik \u00e7a\u011flardan Bizans\u2019a, Cenevizlilerden Osmanl\u0131\u2019ya kadar bir\u00e7ok uygarl\u0131\u011f\u0131n izini ta\u015f\u0131yor. 19. y\u00fczy\u0131l\u0131n sonlar\u0131ndan 1960\u2019lara kadar \u00e7ekilen eski Amasra foto\u011fraflar\u0131, bu k\u00fc\u00e7\u00fck kasaban\u0131n denizle kurdu\u011fu kadim ba\u011f\u0131 g\u00f6zler \u00f6n\u00fcne seriyor. O y\u0131llarda limanda bal\u0131k\u00e7\u0131 kay\u0131klar\u0131 s\u0131ralan\u0131r, Horhor Deresi boyunca \u00e7ocuk sesleri yank\u0131lan\u0131rd\u0131. Direkli Kaya\u2019ya \u00e7\u0131kan patikalar, kasaban\u0131n panoramas\u0131n\u0131 izleyen gen\u00e7lerin bulu\u015fma yeriydi. K\u00fc\u00e7\u00fck Liman\u2019da sabah sisini yaran tekneler, g\u00fcn\u00fcn ilk \u0131\u015f\u0131klar\u0131yla birlikte yeni bir hik\u00e2yeye ba\u015flard\u0131.<\/p>\r\n<figure id=\"attachment_17401\" aria-describedby=\"caption-attachment-17401\" style=\"width: 2624px\" class=\"wp-caption alignnone\"><a href=\"https:\/\/amasra.com.tr\/wp-content\/uploads\/2025\/10\/amasra-eski.png\"><img loading=\"lazy\" decoding=\"async\" class=\"size-full wp-image-17401\" src=\"https:\/\/amasra.com.tr\/wp-content\/uploads\/2025\/10\/amasra-eski.png\" alt=\"\" width=\"2624\" height=\"1620\" srcset=\"https:\/\/amasra.com.tr\/wp-content\/uploads\/2025\/10\/amasra-eski.png 2624w, https:\/\/amasra.com.tr\/wp-content\/uploads\/2025\/10\/amasra-eski-230x142.png 230w, https:\/\/amasra.com.tr\/wp-content\/uploads\/2025\/10\/amasra-eski-350x216.png 350w, https:\/\/amasra.com.tr\/wp-content\/uploads\/2025\/10\/amasra-eski-768x474.png 768w, https:\/\/amasra.com.tr\/wp-content\/uploads\/2025\/10\/amasra-eski-1536x948.png 1536w, https:\/\/amasra.com.tr\/wp-content\/uploads\/2025\/10\/amasra-eski-2048x1264.png 2048w, https:\/\/amasra.com.tr\/wp-content\/uploads\/2025\/10\/amasra-eski-18x12.png 18w, https:\/\/amasra.com.tr\/wp-content\/uploads\/2025\/10\/amasra-eski-680x420.png 680w, https:\/\/amasra.com.tr\/wp-content\/uploads\/2025\/10\/amasra-eski-640x395.png 640w, https:\/\/amasra.com.tr\/wp-content\/uploads\/2025\/10\/amasra-eski-681x420.png 681w\" sizes=\"auto, (max-width: 2624px) 100vw, 2624px\" \/><\/a><figcaption id=\"caption-attachment-17401\" class=\"wp-caption-text\">Amasradan\u0131n tarihi resim i(yapay zeka ile \u00e7\u00f6z\u00fcn\u00fcrl\u00fck artt\u0131r\u0131lm\u0131\u015ft\u0131r) www.amasra.com.tr<\/figcaption><\/figure>\r\n\r\n\r\n\r\n<figure class=\"wp-block-gallery has-nested-images columns-2 is-cropped td-modal-on-gallery wp-block-gallery-1 is-layout-flex wp-block-gallery-is-layout-flex\">\r\n<figure class=\"wp-block-image size-full\"><img loading=\"lazy\" decoding=\"async\" width=\"848\" height=\"1024\" data-id=\"17304\" class=\"wp-image-17304\" src=\"https:\/\/amasra.com.tr\/wp-content\/uploads\/2025\/10\/amasra-tarihi-resimleri-renkli-hali-unnamed-5.jpg\" alt=\"\" srcset=\"https:\/\/amasra.com.tr\/wp-content\/uploads\/2025\/10\/amasra-tarihi-resimleri-renkli-hali-unnamed-5.jpg 848w, https:\/\/amasra.com.tr\/wp-content\/uploads\/2025\/10\/amasra-tarihi-resimleri-renkli-hali-unnamed-5-190x230.jpg 190w, https:\/\/amasra.com.tr\/wp-content\/uploads\/2025\/10\/amasra-tarihi-resimleri-renkli-hali-unnamed-5-290x350.jpg 290w, https:\/\/amasra.com.tr\/wp-content\/uploads\/2025\/10\/amasra-tarihi-resimleri-renkli-hali-unnamed-5-768x927.jpg 768w, https:\/\/amasra.com.tr\/wp-content\/uploads\/2025\/10\/amasra-tarihi-resimleri-renkli-hali-unnamed-5-10x12.jpg 10w, https:\/\/amasra.com.tr\/wp-content\/uploads\/2025\/10\/amasra-tarihi-resimleri-renkli-hali-unnamed-5-348x420.jpg 348w, https:\/\/amasra.com.tr\/wp-content\/uploads\/2025\/10\/amasra-tarihi-resimleri-renkli-hali-unnamed-5-640x773.jpg 640w, https:\/\/amasra.com.tr\/wp-content\/uploads\/2025\/10\/amasra-tarihi-resimleri-renkli-hali-unnamed-5-681x822.jpg 681w\" sizes=\"auto, (max-width: 848px) 100vw, 848px\" \/><\/figure>\r\n\r\n\r\n\r\n<figure class=\"wp-block-image size-full\"><img loading=\"lazy\" decoding=\"async\" width=\"1024\" height=\"535\" data-id=\"17298\" class=\"wp-image-17298\" src=\"https:\/\/amasra.com.tr\/wp-content\/uploads\/2025\/10\/amasra-tarihi-resimleri-renkli-hali-unnamed-3.jpg\" alt=\"\" srcset=\"https:\/\/amasra.com.tr\/wp-content\/uploads\/2025\/10\/amasra-tarihi-resimleri-renkli-hali-unnamed-3.jpg 1024w, https:\/\/amasra.com.tr\/wp-content\/uploads\/2025\/10\/amasra-tarihi-resimleri-renkli-hali-unnamed-3-230x120.jpg 230w, https:\/\/amasra.com.tr\/wp-content\/uploads\/2025\/10\/amasra-tarihi-resimleri-renkli-hali-unnamed-3-350x183.jpg 350w, https:\/\/amasra.com.tr\/wp-content\/uploads\/2025\/10\/amasra-tarihi-resimleri-renkli-hali-unnamed-3-768x401.jpg 768w, https:\/\/amasra.com.tr\/wp-content\/uploads\/2025\/10\/amasra-tarihi-resimleri-renkli-hali-unnamed-3-18x9.jpg 18w, https:\/\/amasra.com.tr\/wp-content\/uploads\/2025\/10\/amasra-tarihi-resimleri-renkli-hali-unnamed-3-804x420.jpg 804w, https:\/\/amasra.com.tr\/wp-content\/uploads\/2025\/10\/amasra-tarihi-resimleri-renkli-hali-unnamed-3-640x334.jpg 640w, https:\/\/amasra.com.tr\/wp-content\/uploads\/2025\/10\/amasra-tarihi-resimleri-renkli-hali-unnamed-3-681x356.jpg 681w\" sizes=\"auto, (max-width: 1024px) 100vw, 1024px\" \/><\/figure>\r\n\r\n\r\n\r\n<figure class=\"wp-block-image size-full\"><img loading=\"lazy\" decoding=\"async\" width=\"1024\" height=\"640\" data-id=\"17297\" class=\"wp-image-17297\" src=\"https:\/\/amasra.com.tr\/wp-content\/uploads\/2025\/10\/amasra-tarihi-resimleri-renkli-hali-unnamed-4.jpg\" alt=\"\" srcset=\"https:\/\/amasra.com.tr\/wp-content\/uploads\/2025\/10\/amasra-tarihi-resimleri-renkli-hali-unnamed-4.jpg 1024w, https:\/\/amasra.com.tr\/wp-content\/uploads\/2025\/10\/amasra-tarihi-resimleri-renkli-hali-unnamed-4-230x144.jpg 230w, https:\/\/amasra.com.tr\/wp-content\/uploads\/2025\/10\/amasra-tarihi-resimleri-renkli-hali-unnamed-4-350x219.jpg 350w, https:\/\/amasra.com.tr\/wp-content\/uploads\/2025\/10\/amasra-tarihi-resimleri-renkli-hali-unnamed-4-768x480.jpg 768w, https:\/\/amasra.com.tr\/wp-content\/uploads\/2025\/10\/amasra-tarihi-resimleri-renkli-hali-unnamed-4-18x12.jpg 18w, https:\/\/amasra.com.tr\/wp-content\/uploads\/2025\/10\/amasra-tarihi-resimleri-renkli-hali-unnamed-4-672x420.jpg 672w, https:\/\/amasra.com.tr\/wp-content\/uploads\/2025\/10\/amasra-tarihi-resimleri-renkli-hali-unnamed-4-640x400.jpg 640w, https:\/\/amasra.com.tr\/wp-content\/uploads\/2025\/10\/amasra-tarihi-resimleri-renkli-hali-unnamed-4-681x426.jpg 681w\" sizes=\"auto, (max-width: 1024px) 100vw, 1024px\" \/><\/figure>\r\n\r\n\r\n\r\n<figure class=\"wp-block-image size-full\"><img loading=\"lazy\" decoding=\"async\" width=\"1024\" height=\"640\" data-id=\"17301\" class=\"wp-image-17301\" src=\"https:\/\/amasra.com.tr\/wp-content\/uploads\/2025\/10\/amasra-tarihi-resimleri-renkli-hali-unnamed-2.jpg\" alt=\"\" srcset=\"https:\/\/amasra.com.tr\/wp-content\/uploads\/2025\/10\/amasra-tarihi-resimleri-renkli-hali-unnamed-2.jpg 1024w, https:\/\/amasra.com.tr\/wp-content\/uploads\/2025\/10\/amasra-tarihi-resimleri-renkli-hali-unnamed-2-230x144.jpg 230w, https:\/\/amasra.com.tr\/wp-content\/uploads\/2025\/10\/amasra-tarihi-resimleri-renkli-hali-unnamed-2-350x219.jpg 350w, https:\/\/amasra.com.tr\/wp-content\/uploads\/2025\/10\/amasra-tarihi-resimleri-renkli-hali-unnamed-2-768x480.jpg 768w, https:\/\/amasra.com.tr\/wp-content\/uploads\/2025\/10\/amasra-tarihi-resimleri-renkli-hali-unnamed-2-18x12.jpg 18w, https:\/\/amasra.com.tr\/wp-content\/uploads\/2025\/10\/amasra-tarihi-resimleri-renkli-hali-unnamed-2-672x420.jpg 672w, https:\/\/amasra.com.tr\/wp-content\/uploads\/2025\/10\/amasra-tarihi-resimleri-renkli-hali-unnamed-2-640x400.jpg 640w, https:\/\/amasra.com.tr\/wp-content\/uploads\/2025\/10\/amasra-tarihi-resimleri-renkli-hali-unnamed-2-681x426.jpg 681w\" sizes=\"auto, (max-width: 1024px) 100vw, 1024px\" \/><\/figure>\r\n\r\n\r\n\r\n<figure class=\"wp-block-image size-full\"><img loading=\"lazy\" decoding=\"async\" width=\"1024\" height=\"683\" data-id=\"17300\" class=\"wp-image-17300\" src=\"https:\/\/amasra.com.tr\/wp-content\/uploads\/2025\/10\/amasra-tarihi-resimleri-renkli-hali-unnamed.jpg\" alt=\"\" srcset=\"https:\/\/amasra.com.tr\/wp-content\/uploads\/2025\/10\/amasra-tarihi-resimleri-renkli-hali-unnamed.jpg 1024w, https:\/\/amasra.com.tr\/wp-content\/uploads\/2025\/10\/amasra-tarihi-resimleri-renkli-hali-unnamed-230x153.jpg 230w, https:\/\/amasra.com.tr\/wp-content\/uploads\/2025\/10\/amasra-tarihi-resimleri-renkli-hali-unnamed-350x233.jpg 350w, https:\/\/amasra.com.tr\/wp-content\/uploads\/2025\/10\/amasra-tarihi-resimleri-renkli-hali-unnamed-768x512.jpg 768w, https:\/\/amasra.com.tr\/wp-content\/uploads\/2025\/10\/amasra-tarihi-resimleri-renkli-hali-unnamed-18x12.jpg 18w, https:\/\/amasra.com.tr\/wp-content\/uploads\/2025\/10\/amasra-tarihi-resimleri-renkli-hali-unnamed-630x420.jpg 630w, https:\/\/amasra.com.tr\/wp-content\/uploads\/2025\/10\/amasra-tarihi-resimleri-renkli-hali-unnamed-640x427.jpg 640w, https:\/\/amasra.com.tr\/wp-content\/uploads\/2025\/10\/amasra-tarihi-resimleri-renkli-hali-unnamed-681x454.jpg 681w\" sizes=\"auto, (max-width: 1024px) 100vw, 1024px\" \/><\/figure>\r\n\r\n\r\n\r\n<div>\r\n<figure class=\"wp-block-image size-full\"><img loading=\"lazy\" decoding=\"async\" width=\"1024\" height=\"448\" data-id=\"17299\" class=\"wp-image-17299\" src=\"https:\/\/amasra.com.tr\/wp-content\/uploads\/2025\/10\/amasra-tarihi-resimleri-renkli-hali-unnamed-7.jpg\" alt=\"\" srcset=\"https:\/\/amasra.com.tr\/wp-content\/uploads\/2025\/10\/amasra-tarihi-resimleri-renkli-hali-unnamed-7.jpg 1024w, https:\/\/amasra.com.tr\/wp-content\/uploads\/2025\/10\/amasra-tarihi-resimleri-renkli-hali-unnamed-7-230x101.jpg 230w, https:\/\/amasra.com.tr\/wp-content\/uploads\/2025\/10\/amasra-tarihi-resimleri-renkli-hali-unnamed-7-350x153.jpg 350w, https:\/\/amasra.com.tr\/wp-content\/uploads\/2025\/10\/amasra-tarihi-resimleri-renkli-hali-unnamed-7-768x336.jpg 768w, https:\/\/amasra.com.tr\/wp-content\/uploads\/2025\/10\/amasra-tarihi-resimleri-renkli-hali-unnamed-7-18x8.jpg 18w, https:\/\/amasra.com.tr\/wp-content\/uploads\/2025\/10\/amasra-tarihi-resimleri-renkli-hali-unnamed-7-960x420.jpg 960w, https:\/\/amasra.com.tr\/wp-content\/uploads\/2025\/10\/amasra-tarihi-resimleri-renkli-hali-unnamed-7-640x280.jpg 640w, https:\/\/amasra.com.tr\/wp-content\/uploads\/2025\/10\/amasra-tarihi-resimleri-renkli-hali-unnamed-7-681x298.jpg 681w, https:\/\/amasra.com.tr\/wp-content\/uploads\/2025\/10\/amasra-tarihi-resimleri-renkli-hali-unnamed-7-1021x448.jpg 1021w\" sizes=\"auto, (max-width: 1024px) 100vw, 1024px\" \/><\/figure>\r\n<\/div>\r\n\r\n\r\n\r\n<div>\r\n<figure class=\"wp-block-image size-full\"><img loading=\"lazy\" decoding=\"async\" width=\"747\" height=\"1024\" data-id=\"17303\" class=\"wp-image-17303\" src=\"https:\/\/amasra.com.tr\/wp-content\/uploads\/2025\/10\/amasra-tarihi-resimleri-renkli-hali-unnamed-1.jpg\" alt=\"\" srcset=\"https:\/\/amasra.com.tr\/wp-content\/uploads\/2025\/10\/amasra-tarihi-resimleri-renkli-hali-unnamed-1.jpg 747w, https:\/\/amasra.com.tr\/wp-content\/uploads\/2025\/10\/amasra-tarihi-resimleri-renkli-hali-unnamed-1-168x230.jpg 168w, https:\/\/amasra.com.tr\/wp-content\/uploads\/2025\/10\/amasra-tarihi-resimleri-renkli-hali-unnamed-1-255x350.jpg 255w, https:\/\/amasra.com.tr\/wp-content\/uploads\/2025\/10\/amasra-tarihi-resimleri-renkli-hali-unnamed-1-9x12.jpg 9w, https:\/\/amasra.com.tr\/wp-content\/uploads\/2025\/10\/amasra-tarihi-resimleri-renkli-hali-unnamed-1-306x420.jpg 306w, https:\/\/amasra.com.tr\/wp-content\/uploads\/2025\/10\/amasra-tarihi-resimleri-renkli-hali-unnamed-1-640x877.jpg 640w, https:\/\/amasra.com.tr\/wp-content\/uploads\/2025\/10\/amasra-tarihi-resimleri-renkli-hali-unnamed-1-681x934.jpg 681w\" sizes=\"auto, (max-width: 747px) 100vw, 747px\" \/><\/figure>\r\n<\/div>\r\n<\/figure>\r\n\r\n\r\n\r\n<p>Bu blog yaz\u0131s\u0131nda, Amasra\u2019n\u0131n ge\u00e7mi\u015fine ait siyah beyaz foto\u011fraflar\u0131 renklendirilmi\u015f halleriyle g\u00f6receksiniz. B\u00fcy\u00fck Liman\u2019\u0131n k\u0131y\u0131s\u0131nda g\u00fcne\u015fin tonlar\u0131n\u0131, Horhor Deresi\u2019nin kenar\u0131ndaki ye\u015fil dokuyu, Direkli Kaya\u2019da r\u00fczg\u00e2rla dalgalanan denizi art\u0131k renkli olarak g\u00f6rmek m\u00fcmk\u00fcn. Her kare, yaln\u0131zca bir manzaray\u0131 de\u011fil, ayn\u0131 zamanda d\u00f6nemin insanlar\u0131n\u0131, giyimlerini, ya\u015fam bi\u00e7imlerini de bug\u00fcne ta\u015f\u0131yor.<\/p>\r\n\r\n\r\n\r\n<p><strong>B\u00fcy\u00fck Liman:<\/strong>\u00a0Amasra\u2019n\u0131n kalbi. 20. y\u00fczy\u0131l ba\u015flar\u0131nda yelkenlilerin ve bal\u0131k\u00e7\u0131 teknelerinin u\u011frak noktas\u0131yd\u0131.<br \/><strong>K\u00fc\u00e7\u00fck Liman:<\/strong>\u00a0Hem o d\u00f6nemde hem de bug\u00fcn halk\u0131n denizle bulu\u015ftu\u011fu huzurlu bir koy.<br \/><strong>Direkli Kaya:<\/strong>\u00a0Efsaneleriyle, kayal\u0131k dokusuyla ve panoramik manzaras\u0131yla Amasra\u2019n\u0131n sembollerinden biri.<br \/><strong>Horhor Deresi:<\/strong>\u00a0Eski Amasra\u2019n\u0131n i\u00e7inden ge\u00e7ip denize ula\u015fan do\u011fal su yolu. Etraf\u0131ndaki ta\u015f k\u00f6pr\u00fcler ve evler ge\u00e7mi\u015ften bug\u00fcne sessizce anlat\u0131yor hik\u00e2yesini.<\/p>\r\n\r\n\r\n\r\n<p>Bu foto\u011fraflar, Amasra\u2019n\u0131n yak\u0131n tarihine dokunman\u0131n en duygusal yollar\u0131ndan biri. Renklenmi\u015f halleriyle, sadece nostalji de\u011fil; kasaban\u0131n ruhunu bug\u00fcne ta\u015f\u0131yan canl\u0131 bir haf\u0131za sunuyor. Yak\u0131nda\u00a0<strong>amasra.com.tr<\/strong>\u00a0\u00fczerinden bu foto\u011fraflar\u0131n yer ald\u0131\u011f\u0131 \u00f6zel bir galeri sayfas\u0131 yay\u0131nlanacak.<br \/>Ziyaret edenler, Amasra\u2019n\u0131n ge\u00e7mi\u015fini renklendirilmi\u015f karelerle yeniden ke\u015ffedecek.<\/p>\r\n\r\n\r\n\r\n<p>Kaynak:\u00a0<a href=\"https:\/\/amasra.com.tr\/ar\/\">www.amasra.com.tr<\/a><\/p>","protected":false},"excerpt":{"rendered":"<p>Amasra, Karadeniz\u2019in k\u0131y\u0131s\u0131nda y\u00fczy\u0131llar\u0131n sessiz tan\u0131\u011f\u0131\u2026 Antik \u00e7a\u011flardan Bizans\u2019a, Cenevizlilerden Osmanl\u0131\u2019ya kadar bir\u00e7ok uygarl\u0131\u011f\u0131n izini ta\u015f\u0131yor. 19. y\u00fczy\u0131l\u0131n sonlar\u0131ndan 1960\u2019lara kadar \u00e7ekilen eski Amasra foto\u011fraflar\u0131, bu k\u00fc\u00e7\u00fck kasaban\u0131n denizle kurdu\u011fu kadim ba\u011f\u0131 g\u00f6zler \u00f6n\u00fcne seriyor. O y\u0131llarda limanda bal\u0131k\u00e7\u0131 kay\u0131klar\u0131 s\u0131ralan\u0131r, Horhor Deresi boyunca \u00e7ocuk sesleri yank\u0131lan\u0131rd\u0131. Direkli Kaya\u2019ya \u00e7\u0131kan patikalar, kasaban\u0131n panoramas\u0131n\u0131 izleyen gen\u00e7lerin [&hellip;]<\/p>\n","protected":false},"author":1,"featured_media":17302,"comment_status":"open","ping_status":"open","sticky":false,"template":"","format":"standard","meta":{"footnotes":""},"categories":[36844],"tags":[],"class_list":["post-17296","post","type-post","status-publish","format-standard","has-post-thumbnail","hentry","category-amasra-arastirmalari"],"_links":{"self":[{"href":"https:\/\/amasra.com.tr\/ar\/wp-json\/wp\/v2\/posts\/17296","targetHints":{"allow":["GET"]}}],"collection":[{"href":"https:\/\/amasra.com.tr\/ar\/wp-json\/wp\/v2\/posts"}],"about":[{"href":"https:\/\/amasra.com.tr\/ar\/wp-json\/wp\/v2\/types\/post"}],"author":[{"embeddable":true,"href":"https:\/\/amasra.com.tr\/ar\/wp-json\/wp\/v2\/users\/1"}],"replies":[{"embeddable":true,"href":"https:\/\/amasra.com.tr\/ar\/wp-json\/wp\/v2\/comments?post=17296"}],"version-history":[{"count":2,"href":"https:\/\/amasra.com.tr\/ar\/wp-json\/wp\/v2\/posts\/17296\/revisions"}],"predecessor-version":[{"id":17403,"href":"https:\/\/amasra.com.tr\/ar\/wp-json\/wp\/v2\/posts\/17296\/revisions\/17403"}],"wp:featuredmedia":[{"embeddable":true,"href":"https:\/\/amasra.com.tr\/ar\/wp-json\/wp\/v2\/media\/17302"}],"wp:attachment":[{"href":"https:\/\/amasra.com.tr\/ar\/wp-json\/wp\/v2\/media?parent=17296"}],"wp:term":[{"taxonomy":"category","embeddable":true,"href":"https:\/\/amasra.com.tr\/ar\/wp-json\/wp\/v2\/categories?post=17296"},{"taxonomy":"post_tag","embeddable":true,"href":"https:\/\/amasra.com.tr\/ar\/wp-json\/wp\/v2\/tags?post=17296"}],"curies":[{"name":"wp","href":"https:\/\/api.w.org\/{rel}","templated":true}]}}