{"id":8351,"date":"2017-06-15T20:32:30","date_gmt":"2017-06-15T17:32:30","guid":{"rendered":"http:\/\/amasra.com.tr\/?p=8351"},"modified":"2018-05-25T19:49:52","modified_gmt":"2018-05-25T16:49:52","slug":"%d8%a8%d9%8a%d9%86%d8%a7%d8%b1%d8%a8%d8%a7%d8%b3%d9%8a-%d9%83%d8%a7%d8%b3%d8%aa%d8%a7%d9%85%d9%88%d9%86%d9%88","status":"publish","type":"post","link":"https:\/\/amasra.com.tr\/ar\/pinarbasi-kastamonu\/","title":{"rendered":"\u0628\u064a\u0646\u0627\u0631\u0628\u0627\u0633\u064a (\u0643\u0627\u0633\u062a\u0627\u0645\u0648\u0646\u0648)"},"content":{"rendered":"<h2><span style=\"font-size: 14pt;\">K\u00fcre Da\u011flar\u0131 Milli Park\u0131 P\u0131narba\u015f\u0131 K\u00f6y\u00fc \/ Kastamonu<\/span><\/h2>\n<p><span style=\"font-size: 14pt;\">Amasra&#8217;ya sadece <strong>2 saatlik<\/strong>\u00a0(110km) uzakl\u0131kta bulunan ve yemye\u015fil ormanlar\u0131n \u00e7evreledi\u011fi karayoluyla P\u0131narba\u015f\u0131&#8217;na ula\u015f\u0131m sa\u011flayabilirsiniz.<\/span><\/p>\n<p><span style=\"font-size: 12pt;\">N\u00fcfusu sadece 2300 olan P\u0131narba\u015f\u0131 K\u00f6y\u00fc son y\u0131llarda ekoturizm a\u00e7\u0131s\u0131ndan geli\u015fen ve bir \u00e7ok turisti a\u011f\u0131rlayan bir yer haline geldi. B\u00f6lgenin bu geli\u015fmesini eski P\u0131narba\u015f\u0131 Belediye Ba\u015fkan\u0131 Halil Sar\u0131\u00e7\u0131nar ile g\u00f6r\u00fc\u015ferek de\u011ferlendirdik. Halil bey k\u00f6y\u00fcn geli\u015fmesi i\u00e7in bir \u00e7ok turistik yerin i\u015fletmeye a\u00e7\u0131lmas\u0131nda ve b\u00f6lgenin tan\u0131t\u0131m\u0131nda \u00f6nemli rol oynam\u0131\u015f, yolculu\u011fumuzun bir k\u0131sm\u0131nda bize e\u015flik eden <a title=\"horma kanyonu\" href=\"http:\/\/amasra.com.tr\/horma-kanyonu-kastamonu-pinarbasi.html\">Horma Kanyonu<\/a>\u00a0\u00f6zel arac\u0131yla gezmemizi sa\u011flayan Halil bey ve ailesine sayg\u0131lar.<\/span><\/p>\n<h2><span style=\"font-size: 14pt;\"><strong><a title=\"\u0131l\u0131ca \u015felalesi\" href=\"http:\/\/amasra.com.tr\/ilica-selalesi-kastamonu-pinarbasi.html\">Il\u0131ca\u00a0\u00a0\u015eelalesi\u00a0<\/a><\/strong><\/span><\/h2>\n<p><span style=\"font-size: 12pt;\">\u00c7ad\u0131rlarm\u0131zla beraber Il\u0131ca \u015felalesi&#8217;ne gitmek i\u00e7in P\u0131narba\u015f\u0131 merkezinden yola \u00e7\u0131k\u0131yoruz. \u0130lk Dura\u011f\u0131m\u0131z Il\u0131ca k\u00f6y\u00fc, P\u0131narba\u015f\u0131 merkezinden yakla\u015f\u0131k <strong>30dk. <\/strong>ara\u00e7 s\u00fcr\u00fc\u015f mesafesinde bulunuyor. Il\u0131ca k\u00f6y\u00fcnden\u00a0<strong>15dk.<\/strong>\u00a0y\u00fcr\u00fcy\u00fc\u015f mesafesinde bulunan \u0131l\u0131ca \u015felalesi b\u00f6lgesi tam bir ye\u015fil cennet. \u00a0Yemye\u015fil do\u011fas\u0131yla birlikte Karadenizin do\u011fas\u0131n\u0131 ke\u015ffedebilece\u011finiz <a title=\"\u0131l\u0131ca \u015felalesi\" href=\"http:\/\/amasra.com.tr\/ilica-selalesi-kastamonu-pinarbasi.html\">\u0131l\u0131ca \u015felalesi <\/a>2000 y\u0131l\u0131ndan beri K\u00fcre Da\u011flar\u0131 Milli \u00a0Park\u0131na \u00a0ba\u011fl\u0131 ve koruma alt\u0131ndad\u0131r. Her y\u0131l binlerce turistin ziyaret etti\u011fi bu b\u00f6lge umar\u0131m do\u011fal g\u00fczelliklerini korumaya devam eder&#8230;<\/span><\/p>\n<h3><span style=\"font-size: 12pt;\"><a href=\"http:\/\/amasra.com.tr\/kastamonu-valla-kanyonu-hava-durumu\/\"><strong>Il\u0131ca \u015eelalesi Hava Durumu<\/strong><\/a><\/span><\/h3>\n<p><img decoding=\"async\" style=\"width: 400px; height: 100px;\" src=\"http:\/\/www.mgm.gov.tr\/sunum\/tahmin-show-2.aspx?m=KASTAMONU&amp;basla=1&amp;bitir=5&amp;rC=111&amp;rZ=fff\" alt=\"KASTAMONU\" \/><\/p>\n<h2><span style=\"font-size: 14pt;\">-Il\u0131ca \u015eelalesin&#8217;den Foto\u011fraflar<\/span><\/h2>\n<p>[nggallery id=77]<\/p>\n<h2><span style=\"font-size: 14pt;\"><a title=\"Valla Kanyonu\" href=\"http:\/\/amasra.com.tr\/valla-kanyonu.html\"><strong>Valla Kanyonu<\/strong><\/a><\/span><\/h2>\n<p><span style=\"font-size: 12pt;\">Bart\u0131n&#8217;n\u0131n Ulus \u0130l\u00e7esine kom\u015fu olan Kastamonu <strong>P\u0131narba\u015f\u0131<\/strong> il\u00e7e s\u0131n\u0131rlar\u0131 i\u00e7eriside \u00a0Muratba\u015f\u0131 K\u00f6y\u00fcnde yer Valla Kanyonunun P\u0131narba\u015f\u0131na uzakl\u0131 26km&#8217;dir.<\/span><\/p>\n<p><span style=\"font-size: 12pt;\">Kanyonun izlenmesi i\u00e7in yap\u0131lan ve da\u011f\u0131n zirmesine \u00e7\u0131kan merdivenler sank sizi g\u00f6ky\u00fcz\u00fcyle birle\u015ftiriyor.<\/span><\/p>\n<p><span style=\"font-size: 12pt;\">P\u0131narba\u015f\u0131 il\u00e7esine ba\u011fl\u0131 Muratba\u015f\u0131 k\u00f6y\u00fcndeki Valla Kanyonu Devrekani \u00c7ay\u0131 ile Kanl\u0131\u00e7ay\u2019\u0131n birle\u015fti\u011fi b\u00f6lgeden ba\u015flamakta olup, <strong>Cide<\/strong> il\u00e7esi istikametinde 12\u00a0km uzunlu\u011funda yan duvar kayalar\u0131n y\u00fcksekli\u011fi yer yer 800\u20131400 m&#8217;yi bulur.<\/span><\/p>\n<h2><span style=\"font-size: 14pt;\">-Valla Kanyonu Yol Durumu<\/span><\/h2>\n<p><span style=\"font-size: 12pt;\">Muratba\u015f\u0131 Valla Mahallesine kadar stabilize yoldur. Kanyona kadar olan 1.5\u00a0km&#8217;lik k\u0131sm\u0131 ise orman i\u00e7i patika yoldur.<\/span><\/p>\n<h2><span style=\"font-size: 14pt;\"><a title=\"horma kanyonu\" href=\"http:\/\/amasra.com.tr\/horma-kanyonu-kastamonu-pinarbasi.html\"><span id=\"Horma_Kanyonu_.28Anbar_G.C3.B6l.C3.BC.29\" class=\"mw-headline\">Horma Kanyonu (Anbar G\u00f6l\u00fc)<\/span><\/a><\/span><\/h2>\n<p><span style=\"font-size: 12pt;\">Zara \u00c7ay\u0131 \u00fczerinde olup, suyun ta\u015ftaki kire\u00e7leri a\u015f\u0131nd\u0131rmas\u0131 ile olu\u015fan derin kazanlar \u015feklinde \u00e7ukurlar bulunmaktad\u0131r. Eski d\u00f6nemlerde ya\u015fayan insanlar\u0131n kayalar\u0131 oyarak su kanallar\u0131na y\u00f6n verip bb\u00f6lgede bulunan de\u011firmenleri d\u00f6nd\u00fcrmeleri i\u00e7in tasarlanm\u0131\u015f \u00e7ukurlar bulunmaktad\u0131r.<\/span><\/p>\n<p><span style=\"font-size: 12pt;\">Horma Kanyonu giri\u015fi Meydand\u00fcz\u00fc diye bilinen havza&#8217;dan ba\u015flayarak, Ay\u0131deresi&#8217;nden do\u011fru<a title=\"\u0131l\u0131ca \u015felalesi\" href=\"http:\/\/amasra.com.tr\/ilica-selalesi-kastamonu-pinarbasi.html\"> \u0131l\u0131ca \u015felalesi<\/a>&#8216;nde son bulur.<\/span><\/p>\n<p><span style=\"font-size: 12pt;\"><strong>Te\u015fekk\u00fcrler<\/strong><\/span><\/p>\n<p><span style=\"font-size: 12pt;\"><strong>Uzun Yolun Yolcusu\u00a0Berivan ve Will&#8217;le Son Yolculu\u011fumuz<\/strong><\/span><\/p>\n<p><span style=\"font-size: 12pt;\">De\u011ferleri dostlar\u0131m\u00a0sevgiler daha nice g\u00fczel gezilere&#8230;<\/span><\/p>\n","protected":false},"excerpt":{"rendered":"<p>K\u00fcre Da\u011flar\u0131 Milli Park\u0131 P\u0131narba\u015f\u0131 K\u00f6y\u00fc \/ Kastamonu Amasra&#8217;ya sadece 2 saatlik\u00a0(110km) uzakl\u0131kta bulunan ve yemye\u015fil ormanlar\u0131n \u00e7evreledi\u011fi karayoluyla P\u0131narba\u015f\u0131&#8217;na ula\u015f\u0131m sa\u011flayabilirsiniz. N\u00fcfusu sadece 2300 olan P\u0131narba\u015f\u0131 K\u00f6y\u00fc son y\u0131llarda ekoturizm a\u00e7\u0131s\u0131ndan geli\u015fen ve bir \u00e7ok turisti a\u011f\u0131rlayan bir yer haline geldi. B\u00f6lgenin bu geli\u015fmesini eski P\u0131narba\u015f\u0131 Belediye Ba\u015fkan\u0131 Halil Sar\u0131\u00e7\u0131nar ile g\u00f6r\u00fc\u015ferek de\u011ferlendirdik. Halil [&hellip;]<\/p>\n","protected":false},"author":1,"featured_media":8390,"comment_status":"open","ping_status":"open","sticky":false,"template":"","format":"standard","meta":{"footnotes":""},"categories":[1,29,82],"tags":[],"class_list":["post-8351","post","type-post","status-publish","format-standard","has-post-thumbnail","hentry","category-genel","category-gezilecek-yerler","category-haberler"],"_links":{"self":[{"href":"https:\/\/amasra.com.tr\/ar\/wp-json\/wp\/v2\/posts\/8351","targetHints":{"allow":["GET"]}}],"collection":[{"href":"https:\/\/amasra.com.tr\/ar\/wp-json\/wp\/v2\/posts"}],"about":[{"href":"https:\/\/amasra.com.tr\/ar\/wp-json\/wp\/v2\/types\/post"}],"author":[{"embeddable":true,"href":"https:\/\/amasra.com.tr\/ar\/wp-json\/wp\/v2\/users\/1"}],"replies":[{"embeddable":true,"href":"https:\/\/amasra.com.tr\/ar\/wp-json\/wp\/v2\/comments?post=8351"}],"version-history":[{"count":0,"href":"https:\/\/amasra.com.tr\/ar\/wp-json\/wp\/v2\/posts\/8351\/revisions"}],"wp:featuredmedia":[{"embeddable":true,"href":"https:\/\/amasra.com.tr\/ar\/wp-json\/wp\/v2\/media\/8390"}],"wp:attachment":[{"href":"https:\/\/amasra.com.tr\/ar\/wp-json\/wp\/v2\/media?parent=8351"}],"wp:term":[{"taxonomy":"category","embeddable":true,"href":"https:\/\/amasra.com.tr\/ar\/wp-json\/wp\/v2\/categories?post=8351"},{"taxonomy":"post_tag","embeddable":true,"href":"https:\/\/amasra.com.tr\/ar\/wp-json\/wp\/v2\/tags?post=8351"}],"curies":[{"name":"wp","href":"https:\/\/api.w.org\/{rel}","templated":true}]}}