{"id":11204,"date":"2016-02-23T10:54:00","date_gmt":"2016-02-23T08:54:00","guid":{"rendered":"http:\/\/amasra.com.tr\/?p=11204"},"modified":"2016-02-24T10:59:37","modified_gmt":"2016-02-24T08:59:37","slug":"das-projekt-ekorota-bartin-wurde-den-tourismusbetreibern-und-managern-erlautert","status":"publish","type":"post","link":"https:\/\/amasra.com.tr\/de\/ekorota-bartin-projesi-turizm-isletmecilerine-yoneticilere-anlatildi\/","title":{"rendered":"Das Ekorota Bart\u0131n-Projekt wurde Tourismusbetreibern und -managern erkl\u00e4rt"},"content":{"rendered":"<p><strong>Das EKOROTA-BARTIN-PROJEKT WURDE \u00d6FFENTLICHEN VERWALTERN UND TOURISMUSMANAGER ERKL\u00c4RT<\/strong><\/p>\n<p>\u201eEKOROTA BARTIN\u201c, durchgef\u00fchrt von der Bart\u0131n-Universit\u00e4t mit Unterst\u00fctzung der Western Black Sea Development Agency (BAKKA); Er\u00f6ffnungstreffen des Projekts mit dem Titel \u201eMAPPING NATURAL AND CULTURAL CORRIDORS\u201c <strong>Am Donnerstag, 18. Februar, im Sitzungssaal des Gouverneursrats 12 von Bart\u0131n.<\/strong> Erledigt.<\/p>\n<p>Stellvertretender Gouverneur von Bart\u0131n Erkan Kalender, Garnisonskommandeur Marineoberst Mehmet Erdemir, Rektor der Universit\u00e4t Bart\u0131n Prof. DR. Bei dem Treffen, an dem Ramazan Kaplan, Distriktgouverneure, \u00f6ffentliche Verwalter, Vertreter des Privatsektors und von Nichtregierungsorganisationen sowie B\u00fcrger teilnahmen, wurde das \u201eEkorota Bart\u0131n-Projekt\u201c besprochen, das den Tourismus in Bart\u0131n entwickeln und den Schutz kultureller und nat\u00fcrlicher Werte gew\u00e4hrleisten soll.<\/p>\n<p>Das Treffen wurde von Prof. von der Fakult\u00e4t f\u00fcr Forstwirtschaft der Universit\u00e4t Bart\u0131n abgehalten. DR. Regie f\u00fchrte Erdo\u011fan Atmi\u015f. Prof. DR. In seiner Er\u00f6ffnungsrede erl\u00e4uterte Atmi\u015f kurz den Zweck des Projekts.<\/p>\n<p><a href=\"http:\/\/amasra.com.tr\/de\/11204-2\/ekorota-bartin-projekt-2\/\" rel=\"attachment wp-att-11205\"><img loading=\"lazy\" decoding=\"async\" class=\"alignnone size-medium wp-image-11205\" src=\"http:\/\/amasra.com.tr\/wp-content\/uploads\/2016\/02\/ekorota-bartin-projesi-2-230x230.jpg\" alt=\"ekorata-bartin-project-2\" width=\"230\" height=\"230\" srcset=\"https:\/\/amasra.com.tr\/wp-content\/uploads\/2016\/02\/ekorota-bartin-projesi-2-230x230.jpg 230w, https:\/\/amasra.com.tr\/wp-content\/uploads\/2016\/02\/ekorota-bartin-projesi-2-167x167.jpg 167w, https:\/\/amasra.com.tr\/wp-content\/uploads\/2016\/02\/ekorota-bartin-projesi-2-50x50.jpg 50w\" sizes=\"auto, (max-width: 230px) 100vw, 230px\" \/><\/a> \u00a0<a href=\"http:\/\/amasra.com.tr\/de\/11204-2\/ekorota-bartin-projekt-4\/\" rel=\"attachment wp-att-11207\"><img loading=\"lazy\" decoding=\"async\" class=\"alignnone size-medium wp-image-11207\" src=\"http:\/\/amasra.com.tr\/wp-content\/uploads\/2016\/02\/ekorota-bartin-projesi-4-230x230.jpg\" alt=\"ekorata-bartin-project-4\" width=\"230\" height=\"230\" srcset=\"https:\/\/amasra.com.tr\/wp-content\/uploads\/2016\/02\/ekorota-bartin-projesi-4-230x230.jpg 230w, https:\/\/amasra.com.tr\/wp-content\/uploads\/2016\/02\/ekorota-bartin-projesi-4-167x167.jpg 167w, https:\/\/amasra.com.tr\/wp-content\/uploads\/2016\/02\/ekorota-bartin-projesi-4-50x50.jpg 50w\" sizes=\"auto, (max-width: 230px) 100vw, 230px\" \/><\/a> <a href=\"http:\/\/amasra.com.tr\/de\/11204-2\/ekorota-bartin-projekt-5\/\" rel=\"attachment wp-att-11208\"><img loading=\"lazy\" decoding=\"async\" class=\"alignnone size-medium wp-image-11208\" src=\"http:\/\/amasra.com.tr\/wp-content\/uploads\/2016\/02\/ekorota-bartin-projesi-5-230x230.jpg\" alt=\"ekorata-bartin-project-5\" width=\"230\" height=\"230\" srcset=\"https:\/\/amasra.com.tr\/wp-content\/uploads\/2016\/02\/ekorota-bartin-projesi-5-230x230.jpg 230w, https:\/\/amasra.com.tr\/wp-content\/uploads\/2016\/02\/ekorota-bartin-projesi-5-167x167.jpg 167w, https:\/\/amasra.com.tr\/wp-content\/uploads\/2016\/02\/ekorota-bartin-projesi-5-50x50.jpg 50w\" sizes=\"auto, (max-width: 230px) 100vw, 230px\" \/><\/a><\/p>\n<p>Das Treffen begann mit einer Schweigeminute aufgrund des Terroranschlags in Ankara.<\/p>\n<p><a href=\"http:\/\/amasra.com.tr\/de\/11204-2\/ekorota-bartin-projekt-6\/\" rel=\"attachment wp-att-11209\"><img loading=\"lazy\" decoding=\"async\" class=\"alignnone size-medium wp-image-11209\" src=\"http:\/\/amasra.com.tr\/wp-content\/uploads\/2016\/02\/ekorota-bartin-projesi-6-230x230.jpg\" alt=\"ekorata-bartin-project-6\" width=\"230\" height=\"230\" srcset=\"https:\/\/amasra.com.tr\/wp-content\/uploads\/2016\/02\/ekorota-bartin-projesi-6-230x230.jpg 230w, https:\/\/amasra.com.tr\/wp-content\/uploads\/2016\/02\/ekorota-bartin-projesi-6-167x167.jpg 167w, https:\/\/amasra.com.tr\/wp-content\/uploads\/2016\/02\/ekorota-bartin-projesi-6-50x50.jpg 50w\" sizes=\"auto, (max-width: 230px) 100vw, 230px\" \/><\/a> \u00a0<a href=\"http:\/\/amasra.com.tr\/de\/11204-2\/ekorota-bartin-projesi-8\/\" rel=\"attachment wp-att-11211\"><img loading=\"lazy\" decoding=\"async\" class=\"alignnone size-medium wp-image-11211\" src=\"http:\/\/amasra.com.tr\/wp-content\/uploads\/2016\/02\/ekorota-bartin-projesi-8-230x230.jpg\" alt=\"ekorata-bartin-project-8\" width=\"230\" height=\"230\" srcset=\"https:\/\/amasra.com.tr\/wp-content\/uploads\/2016\/02\/ekorota-bartin-projesi-8-230x230.jpg 230w, https:\/\/amasra.com.tr\/wp-content\/uploads\/2016\/02\/ekorota-bartin-projesi-8-167x167.jpg 167w, https:\/\/amasra.com.tr\/wp-content\/uploads\/2016\/02\/ekorota-bartin-projesi-8-50x50.jpg 50w\" sizes=\"auto, (max-width: 230px) 100vw, 230px\" \/><\/a> \u00a0<a href=\"http:\/\/amasra.com.tr\/de\/11204-2\/ekorota-bartin-projekt-10\/\" rel=\"attachment wp-att-11213\"><img loading=\"lazy\" decoding=\"async\" class=\"alignnone size-medium wp-image-11213\" src=\"http:\/\/amasra.com.tr\/wp-content\/uploads\/2016\/02\/ekorota-bartin-projesi-10-230x230.jpg\" alt=\"ekorata-bartin-project-10\" width=\"230\" height=\"230\" srcset=\"https:\/\/amasra.com.tr\/wp-content\/uploads\/2016\/02\/ekorota-bartin-projesi-10-230x230.jpg 230w, https:\/\/amasra.com.tr\/wp-content\/uploads\/2016\/02\/ekorota-bartin-projesi-10-167x167.jpg 167w, https:\/\/amasra.com.tr\/wp-content\/uploads\/2016\/02\/ekorota-bartin-projesi-10-50x50.jpg 50w\" sizes=\"auto, (max-width: 230px) 100vw, 230px\" \/><\/a> <a href=\"http:\/\/amasra.com.tr\/de\/11204-2\/ekorota-bartin-projekt-11\/\" rel=\"attachment wp-att-11214\"><img loading=\"lazy\" decoding=\"async\" class=\"alignnone size-medium wp-image-11214\" src=\"http:\/\/amasra.com.tr\/wp-content\/uploads\/2016\/02\/ekorota-bartin-projesi-11-230x230.jpg\" alt=\"ekorata-bartin-project-11\" width=\"230\" height=\"230\" srcset=\"https:\/\/amasra.com.tr\/wp-content\/uploads\/2016\/02\/ekorota-bartin-projesi-11-230x230.jpg 230w, https:\/\/amasra.com.tr\/wp-content\/uploads\/2016\/02\/ekorota-bartin-projesi-11-167x167.jpg 167w, https:\/\/amasra.com.tr\/wp-content\/uploads\/2016\/02\/ekorota-bartin-projesi-11-50x50.jpg 50w\" sizes=\"auto, (max-width: 230px) 100vw, 230px\" \/><\/a> <a href=\"http:\/\/amasra.com.tr\/de\/11204-2\/ekorota-bartin-projekt-12\/\" rel=\"attachment wp-att-11215\"><img loading=\"lazy\" decoding=\"async\" class=\"alignnone size-medium wp-image-11215\" src=\"http:\/\/amasra.com.tr\/wp-content\/uploads\/2016\/02\/ekorota-bartin-projesi-12-230x230.jpg\" alt=\"ekorata-bartin-project-12\" width=\"230\" height=\"230\" srcset=\"https:\/\/amasra.com.tr\/wp-content\/uploads\/2016\/02\/ekorota-bartin-projesi-12-230x230.jpg 230w, https:\/\/amasra.com.tr\/wp-content\/uploads\/2016\/02\/ekorota-bartin-projesi-12-167x167.jpg 167w, https:\/\/amasra.com.tr\/wp-content\/uploads\/2016\/02\/ekorota-bartin-projesi-12-50x50.jpg 50w\" sizes=\"auto, (max-width: 230px) 100vw, 230px\" \/><\/a> <a href=\"http:\/\/amasra.com.tr\/de\/11204-2\/ekorota-bartin-projekt-13\/\" rel=\"attachment wp-att-11216\"><img loading=\"lazy\" decoding=\"async\" class=\"alignnone size-medium wp-image-11216\" src=\"http:\/\/amasra.com.tr\/wp-content\/uploads\/2016\/02\/ekorota-bartin-projesi-13-230x230.jpg\" alt=\"ekorata-bartin-project-13\" width=\"230\" height=\"230\" srcset=\"https:\/\/amasra.com.tr\/wp-content\/uploads\/2016\/02\/ekorota-bartin-projesi-13-230x230.jpg 230w, https:\/\/amasra.com.tr\/wp-content\/uploads\/2016\/02\/ekorota-bartin-projesi-13-167x167.jpg 167w, https:\/\/amasra.com.tr\/wp-content\/uploads\/2016\/02\/ekorota-bartin-projesi-13-50x50.jpg 50w\" sizes=\"auto, (max-width: 230px) 100vw, 230px\" \/><\/a> <a href=\"http:\/\/amasra.com.tr\/de\/11204-2\/ekorota-bartin-projekt-14\/\" rel=\"attachment wp-att-11217\"><img loading=\"lazy\" decoding=\"async\" class=\"alignnone size-medium wp-image-11217\" src=\"http:\/\/amasra.com.tr\/wp-content\/uploads\/2016\/02\/ekorota-bartin-projesi-14-230x230.jpg\" alt=\"ekorata-bartin-project-14\" width=\"230\" height=\"230\" srcset=\"https:\/\/amasra.com.tr\/wp-content\/uploads\/2016\/02\/ekorota-bartin-projesi-14-230x230.jpg 230w, https:\/\/amasra.com.tr\/wp-content\/uploads\/2016\/02\/ekorota-bartin-projesi-14-167x167.jpg 167w, https:\/\/amasra.com.tr\/wp-content\/uploads\/2016\/02\/ekorota-bartin-projesi-14-50x50.jpg 50w\" sizes=\"auto, (max-width: 230px) 100vw, 230px\" \/><\/a> <a href=\"http:\/\/amasra.com.tr\/de\/11204-2\/ekorota-bartin-projekt-15\/\" rel=\"attachment wp-att-11218\"><img loading=\"lazy\" decoding=\"async\" class=\"alignnone size-medium wp-image-11218\" src=\"http:\/\/amasra.com.tr\/wp-content\/uploads\/2016\/02\/ekorota-bartin-projesi-15-230x230.jpg\" alt=\"ekorata-bartin-project-15\" width=\"230\" height=\"230\" srcset=\"https:\/\/amasra.com.tr\/wp-content\/uploads\/2016\/02\/ekorota-bartin-projesi-15-230x230.jpg 230w, https:\/\/amasra.com.tr\/wp-content\/uploads\/2016\/02\/ekorota-bartin-projesi-15-167x167.jpg 167w, https:\/\/amasra.com.tr\/wp-content\/uploads\/2016\/02\/ekorota-bartin-projesi-15-50x50.jpg 50w\" sizes=\"auto, (max-width: 230px) 100vw, 230px\" \/><\/a> \u00a0<a href=\"http:\/\/amasra.com.tr\/de\/11204-2\/ekorota-bartin-projesi-17\/\" rel=\"attachment wp-att-11220\"><img loading=\"lazy\" decoding=\"async\" class=\"alignnone size-medium wp-image-11220\" src=\"http:\/\/amasra.com.tr\/wp-content\/uploads\/2016\/02\/ekorota-bartin-projesi-17-230x230.jpg\" alt=\"ekorata-bartin-project-17\" width=\"230\" height=\"230\" srcset=\"https:\/\/amasra.com.tr\/wp-content\/uploads\/2016\/02\/ekorota-bartin-projesi-17-230x230.jpg 230w, https:\/\/amasra.com.tr\/wp-content\/uploads\/2016\/02\/ekorota-bartin-projesi-17-167x167.jpg 167w, https:\/\/amasra.com.tr\/wp-content\/uploads\/2016\/02\/ekorota-bartin-projesi-17-50x50.jpg 50w\" sizes=\"auto, (max-width: 230px) 100vw, 230px\" \/><\/a> <a href=\"http:\/\/amasra.com.tr\/de\/11204-2\/ekorota-bartin-projekt-18\/\" rel=\"attachment wp-att-11221\"><img loading=\"lazy\" decoding=\"async\" class=\"alignnone size-medium wp-image-11221\" src=\"http:\/\/amasra.com.tr\/wp-content\/uploads\/2016\/02\/ekorota-bartin-projesi-18-230x230.jpg\" alt=\"ekorata-bartin-project-18\" width=\"230\" height=\"230\" srcset=\"https:\/\/amasra.com.tr\/wp-content\/uploads\/2016\/02\/ekorota-bartin-projesi-18-230x230.jpg 230w, https:\/\/amasra.com.tr\/wp-content\/uploads\/2016\/02\/ekorota-bartin-projesi-18-167x167.jpg 167w, https:\/\/amasra.com.tr\/wp-content\/uploads\/2016\/02\/ekorota-bartin-projesi-18-50x50.jpg 50w\" sizes=\"auto, (max-width: 230px) 100vw, 230px\" \/><\/a> <a href=\"http:\/\/amasra.com.tr\/de\/11204-2\/ekorota-bartin-projekt-19\/\" rel=\"attachment wp-att-11222\"><img loading=\"lazy\" decoding=\"async\" class=\"alignnone size-medium wp-image-11222\" src=\"http:\/\/amasra.com.tr\/wp-content\/uploads\/2016\/02\/ekorota-bartin-projesi-19-230x230.jpg\" alt=\"ekorata-bartin-project-19\" width=\"230\" height=\"230\" srcset=\"https:\/\/amasra.com.tr\/wp-content\/uploads\/2016\/02\/ekorota-bartin-projesi-19-230x230.jpg 230w, https:\/\/amasra.com.tr\/wp-content\/uploads\/2016\/02\/ekorota-bartin-projesi-19-167x167.jpg 167w, https:\/\/amasra.com.tr\/wp-content\/uploads\/2016\/02\/ekorota-bartin-projesi-19-50x50.jpg 50w\" sizes=\"auto, (max-width: 230px) 100vw, 230px\" \/><\/a> <a href=\"http:\/\/amasra.com.tr\/de\/11204-2\/ekorota-bartin-projekt\/\" rel=\"attachment wp-att-11223\"><img loading=\"lazy\" decoding=\"async\" class=\"alignnone size-medium wp-image-11223\" src=\"http:\/\/amasra.com.tr\/wp-content\/uploads\/2016\/02\/ekorota-bartin-projesi-230x230.jpg\" alt=\"ekorata-bartin-projekt\" width=\"230\" height=\"230\" srcset=\"https:\/\/amasra.com.tr\/wp-content\/uploads\/2016\/02\/ekorota-bartin-projesi-230x230.jpg 230w, https:\/\/amasra.com.tr\/wp-content\/uploads\/2016\/02\/ekorota-bartin-projesi-167x167.jpg 167w, https:\/\/amasra.com.tr\/wp-content\/uploads\/2016\/02\/ekorota-bartin-projesi-50x50.jpg 50w\" sizes=\"auto, (max-width: 230px) 100vw, 230px\" \/><\/a><\/p>\n<p>Vor <a href=\"http:\/\/www.kuredaglari.com\" target=\"_blank\" rel=\"noopener\">Kure-Mountains-Nationalpark<\/a> Er erkl\u00e4rte, dass es sich bei dieser Studie, die eine Fortsetzung des von den umliegenden D\u00f6rfern vorbereiteten Projekts zur Erstellung von Leitf\u00e4den f\u00fcr die Dorfgestaltung darstellt, um ein Projekt handelt, das darauf abzielt, den Bart\u0131n-Tourismus, der sich nur auf die K\u00fcsten konzentriert und auf die Sommersaison beschr\u00e4nkt ist, auf 12 Monate auszuweiten und zum Schutz der historischen, kulturellen und nat\u00fcrlichen Werte in der Region. Daf\u00fcr; Er sagte, dass im Rahmen des Projekts in Bart\u0131n Tourismusthemen und Tourismusrouten entsprechend diesen Themen geschaffen werden. Atmi\u015f erkl\u00e4rte, dass sie in diesem Zusammenhang mit der \u00c7EK\u00dcL-Stiftung zusammengearbeitet h\u00e4tten und am Ende des Projekts die Tourismusbetreiber in Bart\u0131n gl\u00fccklich machen und die l\u00e4ndliche Entwicklung unterst\u00fctzen wollten.<\/p>\n<p>Der Projektmanager der Abteilung f\u00fcr Landschaftsarchitektur der Universit\u00e4t Bart\u0131n sorgte f\u00fcr die technische Einf\u00fchrung des Projekts. <strong>Asst. Assoc. DR. ER HAT LIEBE GESEHEN<\/strong> gemacht. Asst. Assoc. DR. In seiner Rede sagte G\u00f6rm\u00fc\u015f: \u201eMit dem anderen Projekt haben wir die Bedeutung, Grundlage und das Konzept zum Ausdruck gebracht, die f\u00fcr Bart\u0131n problematisch waren. Bei diesem Projekt gingen wir ins Detail, inklusive strategischer und konzeptioneller Studien sowie der Umsetzung. Mit diesem Projekt werden soziale und kulturelle Details auf der Ebene der Provinz Bart\u0131n diskutiert. Wir werden dies in Zusammenarbeit mit teilnehmenden Institutionen und anderen Interessengruppen und durch die Erstellung ganzheitlicher Themen tun. Wir legen im Rahmen des Projektes Korridore und Trassen fest. Ergebnisse des Projekts; \u201eEs wird eine Streckenkarte, einen Reisef\u00fchrer und eine Werbebrosch\u00fcre geben.\u201c sagte. Er sah; als immaterielles Kulturerbe in Bart\u0131n zu Beginn des Projekts; Themen wie \u201eK\u00f6\u00e7ek-T\u00e4nze, Romankultur, H\u0131drellez, Dorfkammergespr\u00e4che, Fischsaison, Keskek-Tradition, Erntezeit, Drahtbruch, Seidentischweberei\u201c standen im Vordergrund, und auch; \u201eKohlenroute, Paphlagonien-Route, genuesische Seeroute, Gastronomie-Route (lokale Lebensmittel und Nebenprodukte des Waldes: Kastanien, Waln\u00fcsse, Brombeeren \u2026), Route der lokalen\/l\u00e4ndlichen Architektur, wilde Route, Vogelstimmen-Route, blaue Route, gr\u00fcne Route, Erinnerung Route Er erkl\u00e4rte, dass Routen und Museen wie \u201eWaldmuseum, Webereimuseum, Bergbaumuseum\u201c zu empfehlen seien.<\/p>\n<p>Esra Karata\u015f von der Urban Studies Unit der \u00c7EK\u00dcL Foundation erl\u00e4uterte, wie sich die Routenplanung weltweit und in der T\u00fcrkei entwickelt hat und welche Bedeutung sie f\u00fcr die Entwicklung des lokalen Tourismus hat. Karta\u015f sprach \u00fcber die Arbeit, die sie als \u00c7EK\u00dcL-Stiftung zur kulturellen Routenplanung leisten; Unter anderem nannte er Beispiele ihrer Arbeit in den Regionen Kelkit und Ye\u015fil\u0131rmak. Karata\u015f \u201eWarum und wie k\u00f6nnen Kulturrouten als Instrument zum Schutz und zur Gew\u00e4hrleistung der Nachhaltigkeit des Natur- und Kulturerbes genutzt werden?\u201c Er erkl\u00e4rte, dass die Antworten auf die Frage untersucht werden sollten.<\/p>\n<p>Im letzten Teil der Sitzung wurden die Meinungen der Teilnehmer eingeholt. In diesem Teil, in dem einige Beschwerden von Tourismusunternehmen \u00fcber die Probleme des Tourismus in der Provinz zum Ausdruck kamen, wurde vereinbart, dass das Projekt f\u00fcr die Entwicklung des Tourismus in Bart\u0131n von gro\u00dfem Nutzen sein w\u00fcrde.<\/p>\n<p>Die Abschlussreden des Treffens wurden vom Generalsekret\u00e4r der Western Black Sea Development Agency (BAKKA), dem Projektunterst\u00fctzer, \u0130brahim Kuzu, und dem Rektor der Bart\u0131n-Universit\u00e4t, Prof. DR. Ramazan Kaplan hat es geschafft. BAKKA-Generalsekret\u00e4r Kuzu; \u201eTouristen kommen, aber ihr Aufenthalt ist kurz oder wir sehen, dass der Tourismus haupts\u00e4chlich in K\u00fcstengebieten stattfindet. Als BAKKA werden wir unser Bestes tun, um den Tourismus in Bart\u0131n zu entwickeln. \u201eWir sind f\u00fcr alle Projekte zu diesem Thema offen\u201c, sagte er.<\/p>\n<p>An dem Treffen nahm der Rektor der Bart\u0131n-Universit\u00e4t, Prof. DR. Ramazan endete mit Kaplans Rede. Prof. DR. In seiner Rede sagte Kaplan: \u201eDie Pflicht der Universit\u00e4ten besteht darin, solche Projekte zu realisieren und die l\u00e4ndliche Entwicklung dort zu unterst\u00fctzen, wo sie angesiedelt sind.\u201c Prof. sagte, dass das gr\u00f6\u00dfte Hindernis f\u00fcr die Entwicklung des Kongresstourismus in Bart\u0131n darin bestehe, dass die Bettenkapazit\u00e4t gem\u00e4\u00df den Standards noch nicht erreicht sei. Kaplan erkl\u00e4rte: \u201eWenn diese Kapazit\u00e4t erreicht werden kann, kann der Kongresstourismus dank der Pr\u00e4senz der Universit\u00e4t in Bart\u0131n schnell entwickelt werden.\u201c<\/p>","protected":false},"excerpt":{"rendered":"<p>EKOROTA BARTIN PROJES\u0130 KAMU Y\u00d6NET\u0130C\u0130LER\u0130 VE TUR\u0130ZM \u0130\u015eLETMEC\u0130LER\u0130N\u0130NE ANLATILDI Bart\u0131n \u00dcniversitesi\u2019nin Bat\u0131 Karadeniz Kalk\u0131nma Ajans\u0131 (BAKKA) deste\u011fiyle y\u00fcr\u00fctmekte oldu\u011fu \u201cEKOROTA BARTIN; DO\u011eAL VE K\u00dcLT\u00dcREL KOR\u0130DORLARIN HAR\u0130TALANMASI\u201d adl\u0131 proje \u00e7al\u0131\u015fmas\u0131n\u0131n\u00a0a\u00e7\u0131l\u0131\u015f toplant\u0131s\u0131 18 \u015eubat Per\u015fembe g\u00fcn\u00fc Bart\u0131n Valili\u011fi 12 Divan Toplant\u0131 Salonu\u2019nda yap\u0131ld\u0131. Bart\u0131n Vali Yard\u0131mc\u0131s\u0131 Erkan Kalender, Garnizon Komutan\u0131 Deniz K\u0131demli Albay Mehmet Erdemir, Bart\u0131n \u00dcniversitesi [&hellip;]<\/p>\n","protected":false},"author":1,"featured_media":11211,"comment_status":"open","ping_status":"open","sticky":false,"template":"","format":"standard","meta":{"footnotes":""},"categories":[89],"tags":[36726,36728,36727,36725],"class_list":["post-11204","post","type-post","status-publish","format-standard","has-post-thumbnail","hentry","category-amasra-haberleri","tag-erdogan-atmis","tag-esra-karatas-cekul","tag-mustafa-artar","tag-sevgi-gormus"],"_links":{"self":[{"href":"https:\/\/amasra.com.tr\/de\/wp-json\/wp\/v2\/posts\/11204","targetHints":{"allow":["GET"]}}],"collection":[{"href":"https:\/\/amasra.com.tr\/de\/wp-json\/wp\/v2\/posts"}],"about":[{"href":"https:\/\/amasra.com.tr\/de\/wp-json\/wp\/v2\/types\/post"}],"author":[{"embeddable":true,"href":"https:\/\/amasra.com.tr\/de\/wp-json\/wp\/v2\/users\/1"}],"replies":[{"embeddable":true,"href":"https:\/\/amasra.com.tr\/de\/wp-json\/wp\/v2\/comments?post=11204"}],"version-history":[{"count":0,"href":"https:\/\/amasra.com.tr\/de\/wp-json\/wp\/v2\/posts\/11204\/revisions"}],"wp:featuredmedia":[{"embeddable":true,"href":"https:\/\/amasra.com.tr\/de\/wp-json\/wp\/v2\/media\/11211"}],"wp:attachment":[{"href":"https:\/\/amasra.com.tr\/de\/wp-json\/wp\/v2\/media?parent=11204"}],"wp:term":[{"taxonomy":"category","embeddable":true,"href":"https:\/\/amasra.com.tr\/de\/wp-json\/wp\/v2\/categories?post=11204"},{"taxonomy":"post_tag","embeddable":true,"href":"https:\/\/amasra.com.tr\/de\/wp-json\/wp\/v2\/tags?post=11204"}],"curies":[{"name":"wp","href":"https:\/\/api.w.org\/{rel}","templated":true}]}}