{"id":11348,"date":"2016-03-01T14:06:22","date_gmt":"2016-03-01T12:06:22","guid":{"rendered":"http:\/\/amasra.com.tr\/?p=11348"},"modified":"2016-03-02T14:06:37","modified_gmt":"2016-03-02T12:06:37","slug":"gazi-universitesi-sbp-bolumu-amasrayi-calisiyor","status":"publish","type":"post","link":"https:\/\/amasra.com.tr\/de\/gazi-universitesi-sbp-bolumu-amasrayi-calisiyor\/","title":{"rendered":"Gazi-Universit\u00e4t, SBP-Abteilung, die Amasra studiert"},"content":{"rendered":"<p>Fakult\u00e4t f\u00fcr Architektur der Universit\u00e4t Gazi <strong>Abteilung f\u00fcr Stadt- und Regionalplanung<\/strong> im Rahmen des Urbanism Project<\/p>\n<p>Im Amastrist-Konferenzsaal\u00a0<strong>&#039;<i>\u201eAmasra 2030 Vision\u201c<\/i><\/strong>\u00a0Die Ausstellung der von den Studierenden fertiggestellten Projekte wird fortgesetzt. B\u00fcrgermeister der Ausstellung <strong>M. Emin T\u0130MUR<\/strong>, Unser stellvertretender B\u00fcrgermeister Burhan KIZILKAYA, mit unseren Gemeindemitarbeitern und anderem Personal der Institution, von der Abteilung f\u00fcr Stadt- und Regionalplanung, Fakult\u00e4t f\u00fcr Architektur, azi-Universit\u00e4t <strong>Professor Doktor. Hulagu Kaplan<\/strong>,<strong> Professor Doktor. Mehmet TUNCER<\/strong>, <strong>Au\u00dferordentlicher Professor. Ozge YALCINER ERCO\u015eK<\/strong><span class=\"ecxtextexposedshow\"><strong>RUHM<\/strong>, <strong>Assistenzprofessor Hayri ULVI, Dozent Dr. Perihan K\u0130PER, Forschungsassistent Sezen ASLAN<\/strong> und von Studierenden erstellt.\u00a0<\/span><\/p>\n<p><a href=\"http:\/\/amasra.com.tr\/wp-content\/uploads\/2016\/03\/amasra-2030-sergisi-5.jpg\" rel=\"attachment wp-att-11349\"><img loading=\"lazy\" decoding=\"async\" class=\"wp-image-11349 alignright\" src=\"http:\/\/amasra.com.tr\/wp-content\/uploads\/2016\/03\/amasra-2030-sergisi-5.jpg\" alt=\"amasra-2030-ausstellung-5\" width=\"502\" height=\"334\" srcset=\"https:\/\/amasra.com.tr\/wp-content\/uploads\/2016\/03\/amasra-2030-sergisi-5.jpg 950w, https:\/\/amasra.com.tr\/wp-content\/uploads\/2016\/03\/amasra-2030-sergisi-5-350x233.jpg 350w, https:\/\/amasra.com.tr\/wp-content\/uploads\/2016\/03\/amasra-2030-sergisi-5-167x111.jpg 167w, https:\/\/amasra.com.tr\/wp-content\/uploads\/2016\/03\/amasra-2030-sergisi-5-272x182.jpg 272w, https:\/\/amasra.com.tr\/wp-content\/uploads\/2016\/03\/amasra-2030-sergisi-5-768x512.jpg 768w\" sizes=\"auto, (max-width: 502px) 100vw, 502px\" \/><\/a><\/p>\n<p><strong>Die Ausstellung ist heute (2. M\u00e4rz 2016) und morgen von 10:00 bis 17:00 Uhr ge\u00f6ffnet.<\/strong><\/p>\n<p><span class=\"ecxtextexposedshow\">In der Ausstellung werden der Amasra Urban Design Plan, die Siedlungsanalyse unseres Bezirks im Rahmen des Master Zoning Plan und die Urban Vision 2030 von Amasra visuell dargestellt.<\/span><\/p>\n<p>&nbsp;<\/p>","protected":false},"excerpt":{"rendered":"<p>Gazi \u00dcniversitesi Mimarl\u0131k Fak\u00fcltesi \u015eehir ve B\u00f6lge Planlama B\u00f6l\u00fcm\u00fc taraf\u0131ndan \u015eehircilik Projesi kapsam\u0131nda Amastrist Konferans Salonunda\u00a0\u2018Amasra 2030 Vizyonu\u2019\u00a0adl\u0131 \u00f6\u011frencilerin tamamlad\u0131\u011f\u0131 projelerin sergisi devam ediyor. Sergiye Belediye Ba\u015fkan\u0131m\u0131z M.Emin T\u0130MUR, Belediye Ba\u015fkan Yard\u0131mc\u0131m\u0131z Burhan KIZILKAYA, Belediye Personelimiz\u00a0 ve di\u011fer kurum personelleri ile, azi \u00dcniversitesi Mimarl\u0131k Fak\u00fcltesi \u015eehir ve B\u00f6lge Planlama B\u00f6l\u00fcm\u00fcnden Prof.Dr. H\u00fclag\u00fc KAPLAN, Prof.Dr. Mehmet [&hellip;]<\/p>\n","protected":false},"author":1,"featured_media":11349,"comment_status":"open","ping_status":"open","sticky":false,"template":"","format":"standard","meta":{"footnotes":""},"categories":[89],"tags":[],"class_list":["post-11348","post","type-post","status-publish","format-standard","has-post-thumbnail","hentry","category-amasra-haberleri"],"_links":{"self":[{"href":"https:\/\/amasra.com.tr\/de\/wp-json\/wp\/v2\/posts\/11348","targetHints":{"allow":["GET"]}}],"collection":[{"href":"https:\/\/amasra.com.tr\/de\/wp-json\/wp\/v2\/posts"}],"about":[{"href":"https:\/\/amasra.com.tr\/de\/wp-json\/wp\/v2\/types\/post"}],"author":[{"embeddable":true,"href":"https:\/\/amasra.com.tr\/de\/wp-json\/wp\/v2\/users\/1"}],"replies":[{"embeddable":true,"href":"https:\/\/amasra.com.tr\/de\/wp-json\/wp\/v2\/comments?post=11348"}],"version-history":[{"count":0,"href":"https:\/\/amasra.com.tr\/de\/wp-json\/wp\/v2\/posts\/11348\/revisions"}],"wp:featuredmedia":[{"embeddable":true,"href":"https:\/\/amasra.com.tr\/de\/wp-json\/wp\/v2\/media\/11349"}],"wp:attachment":[{"href":"https:\/\/amasra.com.tr\/de\/wp-json\/wp\/v2\/media?parent=11348"}],"wp:term":[{"taxonomy":"category","embeddable":true,"href":"https:\/\/amasra.com.tr\/de\/wp-json\/wp\/v2\/categories?post=11348"},{"taxonomy":"post_tag","embeddable":true,"href":"https:\/\/amasra.com.tr\/de\/wp-json\/wp\/v2\/tags?post=11348"}],"curies":[{"name":"wp","href":"https:\/\/api.w.org\/{rel}","templated":true}]}}