{"id":12146,"date":"2026-08-14T10:37:00","date_gmt":"2026-08-14T07:37:00","guid":{"rendered":"http:\/\/amasra.com.tr\/?p=12146"},"modified":"2026-08-20T15:46:02","modified_gmt":"2026-08-20T12:46:02","slug":"wo-in-amasrada-mit-foto-zu-besuchen","status":"publish","type":"post","link":"https:\/\/amasra.com.tr\/de\/amasrada-nereler-gezilir-fotografli\/","title":{"rendered":"14 Orte, die man in Amasra besuchen sollte (mit Foto)"},"content":{"rendered":"<h2><span style=\"font-size: 14pt;\">2025 Amasra umfasst historische und nat\u00fcrliche Orte zu besuchen<a href=\"http:\/\/amasra.com.tr\/de\/stadtplan\/\" target=\"_blank\" rel=\"noopener noreferrer\"> Stadtkarte<\/a>Laden Sie i kostenlos herunter.<\/span><\/h2>\n<h2><strong><span style=\"font-size: 18pt;\">1. Strandstra\u00dfe B\u00fcy\u00fck Liman (Turgut I\u015f\u0131k Stra\u00dfe)<\/span><\/strong><\/h2>\n<p>Bei einem Spaziergang am Strand von Amasra im Hafen von B\u00fcy\u00fck k\u00f6nnen Sie Fotos mit wundersch\u00f6nen Ausblicken aus verschiedenen Blickwinkeln machen.<\/p>\n<p>Um direkt neben dem Big Liman Beach zu bleiben <a href=\"https:\/\/kumsalapart.com.tr\/\" target=\"_blank\" rel=\"noopener\"><strong>www.kumsalapart.com.tr<\/strong><\/a>Sie k\u00f6nnen einen Blick darauf werfen.<\/p>\n<div id='gallery-1' class='gallery galleryid-12146 gallery-columns-3 gallery-size-medium'><figure class='gallery-item'>\n\t\t\t<div class='gallery-icon landscape'>\n\t\t\t\t<a href=\"https:\/\/amasra.com.tr\/wp-content\/uploads\/2020\/06\/amasra-kumsal-apart-pasiyon-ada-apart25.jpg\"><img loading=\"lazy\" decoding=\"async\" width=\"230\" height=\"230\" src=\"https:\/\/amasra.com.tr\/wp-content\/uploads\/2020\/06\/amasra-kumsal-apart-pasiyon-ada-apart25-230x230.jpg\" class=\"attachment-medium size-medium\" alt=\"amasra-beach-apart-pasiyon-ada-apart25\" aria-describedby=\"gallery-1-15489\" srcset=\"https:\/\/amasra.com.tr\/wp-content\/uploads\/2020\/06\/amasra-kumsal-apart-pasiyon-ada-apart25-230x230.jpg 230w, https:\/\/amasra.com.tr\/wp-content\/uploads\/2020\/06\/amasra-kumsal-apart-pasiyon-ada-apart25-167x167.jpg 167w\" sizes=\"auto, (max-width: 230px) 100vw, 230px\" \/><\/a>\n\t\t\t<\/div>\n\t\t\t\t<figcaption class='wp-caption-text gallery-caption' id='gallery-1-15489'>\n\t\t\t\tBlick auf die Stra\u00dfe Turgut I\u015f\u0131k (Blick vom Ada Apart Beach Branch)\n\t\t\t\t<\/figcaption><\/figure><figure class='gallery-item'>\n\t\t\t<div class='gallery-icon landscape'>\n\t\t\t\t<a href=\"https:\/\/amasra.com.tr\/wp-content\/uploads\/2020\/06\/amasra-kumsal-apart-pasiyon-ada-apart27.jpg\"><img loading=\"lazy\" decoding=\"async\" width=\"230\" height=\"230\" src=\"https:\/\/amasra.com.tr\/wp-content\/uploads\/2020\/06\/amasra-kumsal-apart-pasiyon-ada-apart27-230x230.jpg\" class=\"attachment-medium size-medium\" alt=\"amasra-beach-apart-pasiyon-ada-apart27\" aria-describedby=\"gallery-1-15491\" srcset=\"https:\/\/amasra.com.tr\/wp-content\/uploads\/2020\/06\/amasra-kumsal-apart-pasiyon-ada-apart27-230x230.jpg 230w, https:\/\/amasra.com.tr\/wp-content\/uploads\/2020\/06\/amasra-kumsal-apart-pasiyon-ada-apart27-167x167.jpg 167w\" sizes=\"auto, (max-width: 230px) 100vw, 230px\" \/><\/a>\n\t\t\t<\/div>\n\t\t\t\t<figcaption class='wp-caption-text gallery-caption' id='gallery-1-15491'>\n\t\t\t\tBlick auf die Stra\u00dfe Turgut I\u015f\u0131k (Blick vom Ada Apart Beach Branch)\n\t\t\t\t<\/figcaption><\/figure><figure class='gallery-item'>\n\t\t\t<div class='gallery-icon landscape'>\n\t\t\t\t<a href=\"https:\/\/amasra.com.tr\/wp-content\/uploads\/2025\/02\/amasra-ada-apart-kumsal-manzarasi-1.jpg\"><img loading=\"lazy\" decoding=\"async\" width=\"230\" height=\"153\" src=\"https:\/\/amasra.com.tr\/wp-content\/uploads\/2025\/02\/amasra-ada-apart-kumsal-manzarasi-1-230x153.jpg\" class=\"attachment-medium size-medium\" alt=\"Amasra Ada Apart Kumsal Manzaras\u0131\" srcset=\"https:\/\/amasra.com.tr\/wp-content\/uploads\/2025\/02\/amasra-ada-apart-kumsal-manzarasi-1-230x153.jpg 230w, https:\/\/amasra.com.tr\/wp-content\/uploads\/2025\/02\/amasra-ada-apart-kumsal-manzarasi-1-350x233.jpg 350w, https:\/\/amasra.com.tr\/wp-content\/uploads\/2025\/02\/amasra-ada-apart-kumsal-manzarasi-1-768x512.jpg 768w, https:\/\/amasra.com.tr\/wp-content\/uploads\/2025\/02\/amasra-ada-apart-kumsal-manzarasi-1-18x12.jpg 18w, https:\/\/amasra.com.tr\/wp-content\/uploads\/2025\/02\/amasra-ada-apart-kumsal-manzarasi-1-630x420.jpg 630w, https:\/\/amasra.com.tr\/wp-content\/uploads\/2025\/02\/amasra-ada-apart-kumsal-manzarasi-1-537x360.jpg 537w, https:\/\/amasra.com.tr\/wp-content\/uploads\/2025\/02\/amasra-ada-apart-kumsal-manzarasi-1-640x427.jpg 640w, https:\/\/amasra.com.tr\/wp-content\/uploads\/2025\/02\/amasra-ada-apart-kumsal-manzarasi-1-681x454.jpg 681w, https:\/\/amasra.com.tr\/wp-content\/uploads\/2025\/02\/amasra-ada-apart-kumsal-manzarasi-1.jpg 930w\" sizes=\"auto, (max-width: 230px) 100vw, 230px\" \/><\/a>\n\t\t\t<\/div><\/figure><figure class='gallery-item'>\n\t\t\t<div class='gallery-icon landscape'>\n\t\t\t\t<a href=\"https:\/\/amasra.com.tr\/wp-content\/uploads\/2025\/02\/amasra-northdoor-2.jpg\"><img loading=\"lazy\" decoding=\"async\" width=\"230\" height=\"153\" src=\"https:\/\/amasra.com.tr\/wp-content\/uploads\/2025\/02\/amasra-northdoor-2-230x153.jpg\" class=\"attachment-medium size-medium\" alt=\"\" srcset=\"https:\/\/amasra.com.tr\/wp-content\/uploads\/2025\/02\/amasra-northdoor-2-230x153.jpg 230w, https:\/\/amasra.com.tr\/wp-content\/uploads\/2025\/02\/amasra-northdoor-2-350x233.jpg 350w, https:\/\/amasra.com.tr\/wp-content\/uploads\/2025\/02\/amasra-northdoor-2-768x512.jpg 768w, https:\/\/amasra.com.tr\/wp-content\/uploads\/2025\/02\/amasra-northdoor-2-18x12.jpg 18w, https:\/\/amasra.com.tr\/wp-content\/uploads\/2025\/02\/amasra-northdoor-2-630x420.jpg 630w, https:\/\/amasra.com.tr\/wp-content\/uploads\/2025\/02\/amasra-northdoor-2-537x360.jpg 537w, https:\/\/amasra.com.tr\/wp-content\/uploads\/2025\/02\/amasra-northdoor-2-640x427.jpg 640w, https:\/\/amasra.com.tr\/wp-content\/uploads\/2025\/02\/amasra-northdoor-2-681x454.jpg 681w, https:\/\/amasra.com.tr\/wp-content\/uploads\/2025\/02\/amasra-northdoor-2.jpg 1520w\" sizes=\"auto, (max-width: 230px) 100vw, 230px\" \/><\/a>\n\t\t\t<\/div><\/figure>\n\t\t<\/div>\n\n<p>&nbsp;<\/p>\n<h2><span style=\"font-size: 14pt;\"><strong><span style=\"font-size: 18pt;\">2. Galla (Kad\u0131nlar) Pazar\u0131 (Amasra &#8211; Merkez)<\/span><\/strong><br \/>\n<\/span><\/h2>\n<p><span style=\"font-size: 12pt;\">Es ist nach unseren Frauen benannt, die ihre eigenen Produkte verkaufen. Unsere Frauen verkaufen ihr selbst angebautes frisches Gem\u00fcse und Obst wie Bohnen, Tomaten, Gurken, Paprika, Erdbeeren, Kohl und Produkte wie Frischmilch, Joghurt und Butter auf etablierten M\u00e4rkten. Der Galla-Basar befindet sich im Zentrum von Bart\u0131n und <strong>Es ist von Dienstag bis Freitag ge\u00f6ffnet.<\/strong> Ein \u00e4hnlicher Markt im Zentrum von Amasra, direkt neben dem Gemeindegeb\u00e4ude, ist den ganzen Sommer \u00fcber ge\u00f6ffnet, die meisten Sorten werden jedoch dienstags bis freitags ausgestellt.<\/span><\/p>\n<p><strong>AUFMERKSAMKEIT:<\/strong> Sie k\u00f6nnen vor dem Kauf der Produkte nach einem Rabatt fragen, Touristen wird normalerweise ein hoher Preis angeboten und dann ein Rabatt gew\u00e4hrt :)<\/p>\n<p><span style=\"font-size: 14pt;\">\u00a0<iframe loading=\"lazy\" style=\"border: 0;\" src=\"https:\/\/www.google.com\/maps\/embed?pb=!1m18!1m12!1m3!1d3592.9482672696263!2d32.383286476503315!3d41.748950223489636!2m3!1f0!2f0!3f0!3m2!1i1024!2i768!4f13.1!3m3!1m2!1s0x409b0be6166c010b%3A0x1d36a65466440555!2sAmasra%20Kapal%C4%B1%20Pazar%20Alan%C4%B1!5e1!3m2!1sen!2scz!4v1740221407547!5m2!1sen!2scz\" width=\"400\" height=\"300\" allowfullscreen=\"allowfullscreen\"><\/iframe><\/span><\/p>\n<div id='gallery-2' class='gallery galleryid-12146 gallery-columns-3 gallery-size-medium'><figure class='gallery-item'>\n\t\t\t<div class='gallery-icon landscape'>\n\t\t\t\t<a href=\"https:\/\/amasra.com.tr\/wp-content\/uploads\/2016\/08\/amasra-galla-pazari-13.jpg\"><img loading=\"lazy\" decoding=\"async\" width=\"230\" height=\"230\" src=\"https:\/\/amasra.com.tr\/wp-content\/uploads\/2016\/08\/amasra-galla-pazari-13-230x230.jpg\" class=\"attachment-medium size-medium\" alt=\"\" aria-describedby=\"gallery-2-12151\" srcset=\"https:\/\/amasra.com.tr\/wp-content\/uploads\/2016\/08\/amasra-galla-pazari-13-230x230.jpg 230w, https:\/\/amasra.com.tr\/wp-content\/uploads\/2016\/08\/amasra-galla-pazari-13-167x167.jpg 167w, https:\/\/amasra.com.tr\/wp-content\/uploads\/2016\/08\/amasra-galla-pazari-13-50x50.jpg 50w\" sizes=\"auto, (max-width: 230px) 100vw, 230px\" \/><\/a>\n\t\t\t<\/div>\n\t\t\t\t<figcaption class='wp-caption-text gallery-caption' id='gallery-2-12151'>\n\t\t\t\tBartin-Galla-Basar (Y\u0131ld\u0131r\u0131m Alemdaro\u011flu)\n\t\t\t\t<\/figcaption><\/figure><figure class='gallery-item'>\n\t\t\t<div class='gallery-icon landscape'>\n\t\t\t\t<a href=\"https:\/\/amasra.com.tr\/wp-content\/uploads\/2016\/08\/amasra-galla-pazari-9.jpg\"><img loading=\"lazy\" decoding=\"async\" width=\"230\" height=\"230\" src=\"https:\/\/amasra.com.tr\/wp-content\/uploads\/2016\/08\/amasra-galla-pazari-9-230x230.jpg\" class=\"attachment-medium size-medium\" alt=\"\" srcset=\"https:\/\/amasra.com.tr\/wp-content\/uploads\/2016\/08\/amasra-galla-pazari-9-230x230.jpg 230w, https:\/\/amasra.com.tr\/wp-content\/uploads\/2016\/08\/amasra-galla-pazari-9-167x167.jpg 167w, https:\/\/amasra.com.tr\/wp-content\/uploads\/2016\/08\/amasra-galla-pazari-9-50x50.jpg 50w\" sizes=\"auto, (max-width: 230px) 100vw, 230px\" \/><\/a>\n\t\t\t<\/div><\/figure><figure class='gallery-item'>\n\t\t\t<div class='gallery-icon landscape'>\n\t\t\t\t<a href=\"https:\/\/amasra.com.tr\/wp-content\/uploads\/2013\/07\/amasra-galla-pazari-12.jpg\"><img loading=\"lazy\" decoding=\"async\" width=\"230\" height=\"230\" src=\"https:\/\/amasra.com.tr\/wp-content\/uploads\/2013\/07\/amasra-galla-pazari-12-230x230.jpg\" class=\"attachment-medium size-medium\" alt=\"\" srcset=\"https:\/\/amasra.com.tr\/wp-content\/uploads\/2013\/07\/amasra-galla-pazari-12-230x230.jpg 230w, https:\/\/amasra.com.tr\/wp-content\/uploads\/2013\/07\/amasra-galla-pazari-12-167x167.jpg 167w, https:\/\/amasra.com.tr\/wp-content\/uploads\/2013\/07\/amasra-galla-pazari-12-50x50.jpg 50w\" sizes=\"auto, (max-width: 230px) 100vw, 230px\" \/><\/a>\n\t\t\t<\/div><\/figure>\n\t\t<\/div>\n\n<p><span style=\"font-size: 14pt;\">\u00a0<\/span><\/p>\n<h2><strong><span style=\"font-size: 18pt;\"><a href=\"https:\/\/amasra.com.tr\/de\/denkmal-kuskayasi-strase-an-der-alten-strase-von-bartin-amasra\/\">3. Kuskayasi-Stra\u00dfendenkmal<\/a><\/span><\/strong><\/h2>\n<p><span style=\"font-size: 12pt;\">Auf der Autobahn Amasra \u2013 Bart\u0131n (alt), <strong>4 km von Amasra entfernt. ist weg<\/strong>. W\u00e4hrend der Herrschaft des r\u00f6mischen Kaisers Tiberius Claudius Cermonious zum Gouverneur von Bithynien-Pontus ernannt<strong> Galius Julius Aguilla<\/strong> Es wurde zum Gedenken an den Kaiser erbaut. Das Werk zeigt einen r\u00f6mischen Soldaten und einen in die Wand geschnitzten Adler.<\/span><\/p>\n<p><iframe loading=\"lazy\" style=\"border: 0;\" src=\"https:\/\/www.google.com\/maps\/embed?pb=!1m18!1m12!1m3!1d3594.667258920716!2d32.36067197650203!3d41.718226975408086!2m3!1f0!2f0!3f0!3m2!1i1024!2i768!4f13.1!3m3!1m2!1s0x409b0b7b423acfd3%3A0x83c8e1f4f11faf9b!2zS3XFnyBLYXlhc8SxIFlvbCBBbsSxdMSx!5e1!3m2!1sen!2scz!4v1740221368580!5m2!1sen!2scz\" width=\"400\" height=\"300\" allowfullscreen=\"allowfullscreen\"><\/iframe><\/p>\n<div id='gallery-3' class='gallery galleryid-12146 gallery-columns-3 gallery-size-medium'><figure class='gallery-item'>\n\t\t\t<div class='gallery-icon portrait'>\n\t\t\t\t<a href=\"https:\/\/amasra.com.tr\/wp-content\/uploads\/2014\/12\/amasra-kuskayasi-yol-aniyi.jpg\"><img loading=\"lazy\" decoding=\"async\" width=\"230\" height=\"230\" src=\"https:\/\/amasra.com.tr\/wp-content\/uploads\/2014\/12\/amasra-kuskayasi-yol-aniyi-230x230.jpg\" class=\"attachment-medium size-medium\" alt=\"\" aria-describedby=\"gallery-3-10262\" srcset=\"https:\/\/amasra.com.tr\/wp-content\/uploads\/2014\/12\/amasra-kuskayasi-yol-aniyi-230x230.jpg 230w, https:\/\/amasra.com.tr\/wp-content\/uploads\/2014\/12\/amasra-kuskayasi-yol-aniyi-167x167.jpg 167w, https:\/\/amasra.com.tr\/wp-content\/uploads\/2014\/12\/amasra-kuskayasi-yol-aniyi-50x50.jpg 50w\" sizes=\"auto, (max-width: 230px) 100vw, 230px\" \/><\/a>\n\t\t\t<\/div>\n\t\t\t\t<figcaption class='wp-caption-text gallery-caption' id='gallery-3-10262'>\n\t\t\t\tKu\u015fkayas\u0131-Stra\u00dfendenkmal an der alten Stra\u00dfe Amasra-Bart\u0131n\n\t\t\t\t<\/figcaption><\/figure><figure class='gallery-item'>\n\t\t\t<div class='gallery-icon portrait'>\n\t\t\t\t<a href=\"https:\/\/amasra.com.tr\/wp-content\/uploads\/2016\/08\/amasra-kuskayasi-yol-aniti.jpg\"><img loading=\"lazy\" decoding=\"async\" width=\"230\" height=\"230\" src=\"https:\/\/amasra.com.tr\/wp-content\/uploads\/2016\/08\/amasra-kuskayasi-yol-aniti-230x230.jpg\" class=\"attachment-medium size-medium\" alt=\"\" srcset=\"https:\/\/amasra.com.tr\/wp-content\/uploads\/2016\/08\/amasra-kuskayasi-yol-aniti-230x230.jpg 230w, https:\/\/amasra.com.tr\/wp-content\/uploads\/2016\/08\/amasra-kuskayasi-yol-aniti-167x167.jpg 167w, https:\/\/amasra.com.tr\/wp-content\/uploads\/2016\/08\/amasra-kuskayasi-yol-aniti-50x50.jpg 50w\" sizes=\"auto, (max-width: 230px) 100vw, 230px\" \/><\/a>\n\t\t\t<\/div><\/figure>\n\t\t<\/div>\n\n<h2><strong><span style=\"font-size: 18pt;\">4.<a href=\"https:\/\/amasra.com.tr\/de\/amasra-museum-2\/\">Amasra-Museum<\/a><\/span><\/strong><\/h2>\n<p><span style=\"font-size: 12pt;\">Die Marineschule, die 1884 vom Bezirksgouverneur von Bolu, \u0130smail Kemal Bey, gegr\u00fcndet wurde, aber unvollendet blieb, wurde 1975 vom Ministerium gekauft und 1982 als Amasra-Museum er\u00f6ffnet. Es gibt zwei arch\u00e4ologische und zwei ethnografische Ausstellungsr\u00e4ume, in denen Artefakte aus der hellenistischen, r\u00f6mischen, byzantinischen, genuesischen und osmanischen Zeit ausgestellt sind. Das Geb\u00e4ude und der Garten des Amasra-Museums wurden 2016 restauriert <strong>mit Lasershows<\/strong> Arbeitspr\u00e4sentationen.<\/span><\/p>\n<p><span style=\"font-size: 12pt;\">Der neueste Zugang des Museums <a href=\"http:\/\/amasra.com.tr\/de\/statue-einer-wassernymphe\/\">Wasserfee<\/a> Die Geschichte der Statue k\u00f6nnen Sie hier abrufen.<\/span><\/p>\n<figure id=\"attachment_16693\" aria-describedby=\"caption-attachment-16693\" style=\"width: 795px\" class=\"wp-caption alignnone\"><a href=\"https:\/\/amasra.com.tr\/wp-content\/uploads\/2023\/09\/amasra-su-perisi-nymph-heykeli-.jpg\"><img loading=\"lazy\" decoding=\"async\" class=\"size-full wp-image-16693\" src=\"https:\/\/amasra.com.tr\/wp-content\/uploads\/2023\/09\/amasra-su-perisi-nymph-heykeli-.jpg\" alt=\"Amasra-Wassernymphenstatue (Nymphe) www.amasra.com.tr\" width=\"795\" height=\"1024\" srcset=\"https:\/\/amasra.com.tr\/wp-content\/uploads\/2023\/09\/amasra-su-perisi-nymph-heykeli-.jpg 795w, https:\/\/amasra.com.tr\/wp-content\/uploads\/2023\/09\/amasra-su-perisi-nymph-heykeli--179x230.jpg 179w, https:\/\/amasra.com.tr\/wp-content\/uploads\/2023\/09\/amasra-su-perisi-nymph-heykeli--272x350.jpg 272w, https:\/\/amasra.com.tr\/wp-content\/uploads\/2023\/09\/amasra-su-perisi-nymph-heykeli--768x989.jpg 768w, https:\/\/amasra.com.tr\/wp-content\/uploads\/2023\/09\/amasra-su-perisi-nymph-heykeli--9x12.jpg 9w, https:\/\/amasra.com.tr\/wp-content\/uploads\/2023\/09\/amasra-su-perisi-nymph-heykeli--326x420.jpg 326w, https:\/\/amasra.com.tr\/wp-content\/uploads\/2023\/09\/amasra-su-perisi-nymph-heykeli--640x824.jpg 640w, https:\/\/amasra.com.tr\/wp-content\/uploads\/2023\/09\/amasra-su-perisi-nymph-heykeli--681x877.jpg 681w\" sizes=\"auto, (max-width: 795px) 100vw, 795px\" \/><\/a><figcaption id=\"caption-attachment-16693\" class=\"wp-caption-text\">Amasra-Wassernymphenstatue (Nymphe) www.amasra.com.tr<\/figcaption><\/figure>\n<div id='gallery-4' class='gallery galleryid-12146 gallery-columns-3 gallery-size-medium'><figure class='gallery-item'>\n\t\t\t<div class='gallery-icon landscape'>\n\t\t\t\t<a href=\"https:\/\/amasra.com.tr\/wp-content\/uploads\/2017\/06\/amasra-muzesi-fotograflari-8.jpg\"><img loading=\"lazy\" decoding=\"async\" width=\"230\" height=\"230\" src=\"https:\/\/amasra.com.tr\/wp-content\/uploads\/2017\/06\/amasra-muzesi-fotograflari-8-230x230.jpg\" class=\"attachment-medium size-medium\" alt=\"Amasra M\u00fczesi Foto\u011fraflar\u0131\" aria-describedby=\"gallery-4-12872\" srcset=\"https:\/\/amasra.com.tr\/wp-content\/uploads\/2017\/06\/amasra-muzesi-fotograflari-8-230x230.jpg 230w, https:\/\/amasra.com.tr\/wp-content\/uploads\/2017\/06\/amasra-muzesi-fotograflari-8-167x167.jpg 167w, https:\/\/amasra.com.tr\/wp-content\/uploads\/2017\/06\/amasra-muzesi-fotograflari-8-50x50.jpg 50w\" sizes=\"auto, (max-width: 230px) 100vw, 230px\" \/><\/a>\n\t\t\t<\/div>\n\t\t\t\t<figcaption class='wp-caption-text gallery-caption' id='gallery-4-12872'>\n\t\t\t\tInnenansicht des Amasra-Museums\n\t\t\t\t<\/figcaption><\/figure><figure class='gallery-item'>\n\t\t\t<div class='gallery-icon landscape'>\n\t\t\t\t<a href=\"https:\/\/amasra.com.tr\/wp-content\/uploads\/2016\/09\/amasra-muzesi-21.jpg\"><img loading=\"lazy\" decoding=\"async\" width=\"230\" height=\"230\" src=\"https:\/\/amasra.com.tr\/wp-content\/uploads\/2016\/09\/amasra-muzesi-21-230x230.jpg\" class=\"attachment-medium size-medium\" alt=\"\" aria-describedby=\"gallery-4-12270\" srcset=\"https:\/\/amasra.com.tr\/wp-content\/uploads\/2016\/09\/amasra-muzesi-21-230x230.jpg 230w, https:\/\/amasra.com.tr\/wp-content\/uploads\/2016\/09\/amasra-muzesi-21-167x167.jpg 167w, https:\/\/amasra.com.tr\/wp-content\/uploads\/2016\/09\/amasra-muzesi-21-50x50.jpg 50w\" sizes=\"auto, (max-width: 230px) 100vw, 230px\" \/><\/a>\n\t\t\t<\/div>\n\t\t\t\t<figcaption class='wp-caption-text gallery-caption' id='gallery-4-12270'>\n\t\t\t\tAmasra-Museum\n\t\t\t\t<\/figcaption><\/figure><figure class='gallery-item'>\n\t\t\t<div class='gallery-icon landscape'>\n\t\t\t\t<a href=\"https:\/\/amasra.com.tr\/wp-content\/uploads\/2016\/09\/amasra-muzesi-yeni-fotograflari.jpg\"><img loading=\"lazy\" decoding=\"async\" width=\"230\" height=\"230\" src=\"https:\/\/amasra.com.tr\/wp-content\/uploads\/2016\/09\/amasra-muzesi-yeni-fotograflari-230x230.jpg\" class=\"attachment-medium size-medium\" alt=\"Amasra M\u00fczesi Yeni Foto\u011fraflar\u0131\" aria-describedby=\"gallery-4-12269\" srcset=\"https:\/\/amasra.com.tr\/wp-content\/uploads\/2016\/09\/amasra-muzesi-yeni-fotograflari-230x230.jpg 230w, https:\/\/amasra.com.tr\/wp-content\/uploads\/2016\/09\/amasra-muzesi-yeni-fotograflari-167x167.jpg 167w, https:\/\/amasra.com.tr\/wp-content\/uploads\/2016\/09\/amasra-muzesi-yeni-fotograflari-50x50.jpg 50w\" sizes=\"auto, (max-width: 230px) 100vw, 230px\" \/><\/a>\n\t\t\t<\/div>\n\t\t\t\t<figcaption class='wp-caption-text gallery-caption' id='gallery-4-12269'>\n\t\t\t\tDas Museum wurde 2017 mit der neuesten Technologie gestaltet\n\t\t\t\t<\/figcaption><\/figure>\n\t\t<\/div>\n\n<p><span style=\"font-size: 14pt;\">\u00a0\u00a0<iframe loading=\"lazy\" style=\"border: 0;\" src=\"https:\/\/www.google.com\/maps\/embed?pb=!1m18!1m12!1m3!1d3593.0494074315857!2d32.38049657650322!3d41.74714307360274!2m3!1f0!2f0!3f0!3m2!1i1024!2i768!4f13.1!3m3!1m2!1s0x409b0be8dea7b587%3A0xb28b4e6a5bb3c976!2sAmasra%20Museum!5e1!3m2!1sen!2scz!4v1740221542430!5m2!1sen!2scz\" width=\"400\" height=\"300\" allowfullscreen=\"allowfullscreen\"><\/iframe><\/span><\/p>\n<h2><strong><span style=\"font-size: 18pt;\"><a href=\"http:\/\/amasra.com.tr\/de\/schloss-amasra\/\">5. Schloss Amasra<\/a><\/span><\/strong><\/h2>\n<p><span style=\"font-size: 12pt;\">Die Burg wurde w\u00e4hrend der R\u00f6merzeit erbaut und w\u00e4hrend der byzantinischen, genuesischen und osmanischen Zeit umfassend renoviert. Es besteht aus zwei Hauptkomplexen namens Sormagir und Zindan Castle. Im nord\u00f6stlichen Teil der Burg befindet sich das B\u00fcy\u00fckliman-Tor, im Westen das K\u00fc\u00e7\u00fckliman-Tor und im S\u00fcden das Dungeon-Tor. Die Burg Sormagir in Boztepe ist durch eine Br\u00fccke namens \u201eKemere\u201c mit Amasra verbunden. Von der Spitze des Schlosses aus k\u00f6nnen Sie die Sch\u00f6nheiten und die Natur von Amasra beobachten und die Geschichte in sich riechen.<\/span><\/p>\n<div id='gallery-5' class='gallery galleryid-12146 gallery-columns-3 gallery-size-medium'><figure class='gallery-item'>\n\t\t\t<div class='gallery-icon landscape'>\n\t\t\t\t<a href=\"https:\/\/amasra.com.tr\/de\/amasrada-nereler-gezilir-fotografli\/amasra-kale-eski-2\/\"><img loading=\"lazy\" decoding=\"async\" width=\"230\" height=\"230\" src=\"https:\/\/amasra.com.tr\/wp-content\/uploads\/2016\/08\/amasra-kale-eski-230x230.jpg\" class=\"attachment-medium size-medium\" alt=\"\" aria-describedby=\"gallery-5-12159\" srcset=\"https:\/\/amasra.com.tr\/wp-content\/uploads\/2016\/08\/amasra-kale-eski-230x230.jpg 230w, https:\/\/amasra.com.tr\/wp-content\/uploads\/2016\/08\/amasra-kale-eski-167x167.jpg 167w, https:\/\/amasra.com.tr\/wp-content\/uploads\/2016\/08\/amasra-kale-eski-50x50.jpg 50w\" sizes=\"auto, (max-width: 230px) 100vw, 230px\" \/><\/a>\n\t\t\t<\/div>\n\t\t\t\t<figcaption class='wp-caption-text gallery-caption' id='gallery-5-12159'>\n\t\t\t\tGesamtansicht der Burg Amasra\n\t\t\t\t<\/figcaption><\/figure><figure class='gallery-item'>\n\t\t\t<div class='gallery-icon portrait'>\n\t\t\t\t<a href=\"https:\/\/amasra.com.tr\/de\/?attachment_id=11952\"><img loading=\"lazy\" decoding=\"async\" width=\"230\" height=\"230\" src=\"https:\/\/amasra.com.tr\/wp-content\/uploads\/2016\/07\/amasra-boncuk-apart-pansiyon-21-230x230.jpg\" class=\"attachment-medium size-medium\" alt=\"Amasra-Schlosstreppe\" aria-describedby=\"gallery-5-11952\" srcset=\"https:\/\/amasra.com.tr\/wp-content\/uploads\/2016\/07\/amasra-boncuk-apart-pansiyon-21-230x230.jpg 230w, https:\/\/amasra.com.tr\/wp-content\/uploads\/2016\/07\/amasra-boncuk-apart-pansiyon-21-167x167.jpg 167w, https:\/\/amasra.com.tr\/wp-content\/uploads\/2016\/07\/amasra-boncuk-apart-pansiyon-21-50x50.jpg 50w\" sizes=\"auto, (max-width: 230px) 100vw, 230px\" \/><\/a>\n\t\t\t<\/div>\n\t\t\t\t<figcaption class='wp-caption-text gallery-caption' id='gallery-5-11952'>\n\t\t\t\tAmasra-Schlosstreppe\n\t\t\t\t<\/figcaption><\/figure><figure class='gallery-item'>\n\t\t\t<div class='gallery-icon landscape'>\n\t\t\t\t<a href=\"https:\/\/amasra.com.tr\/de\/amasrada-nereler-gezilir-fotografli\/amasra-kar-fotograflari-kemal-onur-ozman-62-2\/\"><img loading=\"lazy\" decoding=\"async\" width=\"230\" height=\"230\" src=\"https:\/\/amasra.com.tr\/wp-content\/uploads\/2017\/12\/amasra-kar-fotograflari-kemal-onur-ozman-62-1-230x230.jpg\" class=\"attachment-medium size-medium\" alt=\"Amasra-Schneefotos\" aria-describedby=\"gallery-5-13418\" srcset=\"https:\/\/amasra.com.tr\/wp-content\/uploads\/2017\/12\/amasra-kar-fotograflari-kemal-onur-ozman-62-1-230x230.jpg 230w, https:\/\/amasra.com.tr\/wp-content\/uploads\/2017\/12\/amasra-kar-fotograflari-kemal-onur-ozman-62-1-167x167.jpg 167w, https:\/\/amasra.com.tr\/wp-content\/uploads\/2017\/12\/amasra-kar-fotograflari-kemal-onur-ozman-62-1-50x50.jpg 50w\" sizes=\"auto, (max-width: 230px) 100vw, 230px\" \/><\/a>\n\t\t\t<\/div>\n\t\t\t\t<figcaption class='wp-caption-text gallery-caption' id='gallery-5-13418'>\n\t\t\t\tEingang zur Burg Amasra\n\t\t\t\t<\/figcaption><\/figure>\n\t\t<\/div>\n\n<h2><iframe loading=\"lazy\" style=\"border: 0;\" src=\"https:\/\/www.google.com\/maps\/embed?pb=!1m18!1m12!1m3!1d3592.930455507737!2d32.38602517650325!3d41.74926847346995!2m3!1f0!2f0!3f0!3m2!1i1024!2i768!4f13.1!3m3!1m2!1s0x409b0bd103a12b59%3A0x9518f9fe51a3bae6!2sAmasra%20Fortress!5e1!3m2!1sen!2scz!4v1740221620052!5m2!1sen!2scz\" width=\"400\" height=\"300\" allowfullscreen=\"allowfullscreen\"><\/iframe><\/h2>\n<p>HINWEIS: F\u00fcr ein unvergessliches \u00dcbernachtungserlebnis im Amasra Castle <a href=\"http:\/\/amasra.com.tr\/de\/amasrada-denize-sifir-oteller-kumsal-apart-ve-ruhi-palas-ile-unutulmaz-bir-tatil-deneyimi\/\">www.ruhipalace.com.tr<\/a> Schauen Sie sich die Adresse an.<\/p>\n<h2><strong><span style=\"font-size: 14pt;\"><a href=\"http:\/\/amasra.com.tr\/de\/kleine-kirchenkapelle\/\" target=\"_blank\" rel=\"noopener noreferrer\"><span style=\"font-size: 18pt;\">6. Kleine Kirche<\/span><\/a><\/span><\/strong><\/h2>\n<p><span style=\"font-size: 12pt;\">Im \u0130\u00e7kale-Teil handelte es sich um eine alte kleine Kirche, die im 15. Jahrhundert in eine kleine Moschee umgewandelt wurde. Es wurde im 9. Jahrhundert von den Byzantinern erbaut.<\/span><\/p>\n<div id='gallery-6' class='gallery galleryid-12146 gallery-columns-3 gallery-size-medium'><figure class='gallery-item'>\n\t\t\t<div class='gallery-icon landscape'>\n\t\t\t\t<a href=\"https:\/\/amasra.com.tr\/wp-content\/uploads\/2016\/08\/amasra-k\u00fc\u00e7\u00fck-kilise-chapel-4.jpg\"><img loading=\"lazy\" decoding=\"async\" width=\"230\" height=\"230\" src=\"https:\/\/amasra.com.tr\/wp-content\/uploads\/2016\/08\/amasra-k\u00fc\u00e7\u00fck-kilise-chapel-4-230x230.jpg\" class=\"attachment-medium size-medium\" alt=\"\" aria-describedby=\"gallery-6-12163\" srcset=\"https:\/\/amasra.com.tr\/wp-content\/uploads\/2016\/08\/amasra-k\u00fc\u00e7\u00fck-kilise-chapel-4-230x230.jpg 230w, https:\/\/amasra.com.tr\/wp-content\/uploads\/2016\/08\/amasra-k\u00fc\u00e7\u00fck-kilise-chapel-4-167x167.jpg 167w, https:\/\/amasra.com.tr\/wp-content\/uploads\/2016\/08\/amasra-k\u00fc\u00e7\u00fck-kilise-chapel-4-50x50.jpg 50w\" sizes=\"auto, (max-width: 230px) 100vw, 230px\" \/><\/a>\n\t\t\t<\/div>\n\t\t\t\t<figcaption class='wp-caption-text gallery-caption' id='gallery-6-12163'>\n\t\t\t\tKleine Kirche (Bucks)\n\t\t\t\t<\/figcaption><\/figure><figure class='gallery-item'>\n\t\t\t<div class='gallery-icon landscape'>\n\t\t\t\t<a href=\"https:\/\/amasra.com.tr\/wp-content\/uploads\/2016\/08\/amasra-k\u00fc\u00e7\u00fck-kilise-chapel-2.jpg\"><img loading=\"lazy\" decoding=\"async\" width=\"230\" height=\"230\" src=\"https:\/\/amasra.com.tr\/wp-content\/uploads\/2016\/08\/amasra-k\u00fc\u00e7\u00fck-kilise-chapel-2-230x230.jpg\" class=\"attachment-medium size-medium\" alt=\"\" aria-describedby=\"gallery-6-12162\" srcset=\"https:\/\/amasra.com.tr\/wp-content\/uploads\/2016\/08\/amasra-k\u00fc\u00e7\u00fck-kilise-chapel-2-230x230.jpg 230w, https:\/\/amasra.com.tr\/wp-content\/uploads\/2016\/08\/amasra-k\u00fc\u00e7\u00fck-kilise-chapel-2-167x167.jpg 167w, https:\/\/amasra.com.tr\/wp-content\/uploads\/2016\/08\/amasra-k\u00fc\u00e7\u00fck-kilise-chapel-2-50x50.jpg 50w\" sizes=\"auto, (max-width: 230px) 100vw, 230px\" \/><\/a>\n\t\t\t<\/div>\n\t\t\t\t<figcaption class='wp-caption-text gallery-caption' id='gallery-6-12162'>\n\t\t\t\tKleine Kirche im Schloss Amasra\n\t\t\t\t<\/figcaption><\/figure><figure class='gallery-item'>\n\t\t\t<div class='gallery-icon landscape'>\n\t\t\t\t<a href=\"https:\/\/amasra.com.tr\/wp-content\/uploads\/2015\/02\/amasra-kucuk-klise.jpg\"><img loading=\"lazy\" decoding=\"async\" width=\"230\" height=\"230\" src=\"https:\/\/amasra.com.tr\/wp-content\/uploads\/2015\/02\/amasra-kucuk-klise-230x230.jpg\" class=\"attachment-medium size-medium\" alt=\"\" srcset=\"https:\/\/amasra.com.tr\/wp-content\/uploads\/2015\/02\/amasra-kucuk-klise-230x230.jpg 230w, https:\/\/amasra.com.tr\/wp-content\/uploads\/2015\/02\/amasra-kucuk-klise-167x167.jpg 167w, https:\/\/amasra.com.tr\/wp-content\/uploads\/2015\/02\/amasra-kucuk-klise-50x50.jpg 50w\" sizes=\"auto, (max-width: 230px) 100vw, 230px\" \/><\/a>\n\t\t\t<\/div><\/figure>\n\t\t<\/div>\n\n<p>&nbsp;<\/p>\n<h2><strong><span style=\"font-size: 18pt;\"><a href=\"http:\/\/amasra.com.tr\/de\/satos-von-cenova-amasra-schloss\/\">7. Schloss Genua<\/a><\/span><\/strong><\/h2>\n<p>Die Burg von Genua in der Burg Amasra liegt in Tr\u00fcmmern. Es wurde von den Genuesen in den ersten Jahren der osmanischen Zeit aktiv genutzt. Am Eingangstor der Burg befinden sich Wappen genuesischer Familien.<\/p>\n<div id='gallery-7' class='gallery galleryid-12146 gallery-columns-3 gallery-size-medium'><figure class='gallery-item'>\n\t\t\t<div class='gallery-icon landscape'>\n\t\t\t\t<a href=\"https:\/\/amasra.com.tr\/de\/cenova-satosu-amasra-kalesi\/amasra-cenova-satosu-ve-kale-4\/\"><img loading=\"lazy\" decoding=\"async\" width=\"230\" height=\"230\" src=\"https:\/\/amasra.com.tr\/wp-content\/uploads\/2018\/06\/amasra-cenova-satosu-ve-kale-4-230x230.jpg\" class=\"attachment-medium size-medium\" alt=\"Amasra Cenova \u015eatosu ve Kale\" aria-describedby=\"gallery-7-14079\" srcset=\"https:\/\/amasra.com.tr\/wp-content\/uploads\/2018\/06\/amasra-cenova-satosu-ve-kale-4-230x230.jpg 230w, https:\/\/amasra.com.tr\/wp-content\/uploads\/2018\/06\/amasra-cenova-satosu-ve-kale-4-167x167.jpg 167w\" sizes=\"auto, (max-width: 230px) 100vw, 230px\" \/><\/a>\n\t\t\t<\/div>\n\t\t\t\t<figcaption class='wp-caption-text gallery-caption' id='gallery-7-14079'>\n\t\t\t\tGenua-Burg - Genua-Burgregion Amasra\n\t\t\t\t<\/figcaption><\/figure><figure class='gallery-item'>\n\t\t\t<div class='gallery-icon landscape'>\n\t\t\t\t<a href=\"https:\/\/amasra.com.tr\/de\/cenova-satosu-amasra-kalesi\/amasra-cenova-satosu-ve-kale-5\/\"><img loading=\"lazy\" decoding=\"async\" width=\"230\" height=\"230\" src=\"https:\/\/amasra.com.tr\/wp-content\/uploads\/2018\/06\/amasra-cenova-satosu-ve-kale-5-230x230.jpg\" class=\"attachment-medium size-medium\" alt=\"\" aria-describedby=\"gallery-7-14080\" srcset=\"https:\/\/amasra.com.tr\/wp-content\/uploads\/2018\/06\/amasra-cenova-satosu-ve-kale-5-230x230.jpg 230w, https:\/\/amasra.com.tr\/wp-content\/uploads\/2018\/06\/amasra-cenova-satosu-ve-kale-5-167x167.jpg 167w\" sizes=\"auto, (max-width: 230px) 100vw, 230px\" \/><\/a>\n\t\t\t<\/div>\n\t\t\t\t<figcaption class='wp-caption-text gallery-caption' id='gallery-7-14080'>\n\t\t\t\tBurg Genua \u2013 Wege hinunter zur Burgmauer (geschlossen)\n\t\t\t\t<\/figcaption><\/figure><figure class='gallery-item'>\n\t\t\t<div class='gallery-icon landscape'>\n\t\t\t\t<a href=\"https:\/\/amasra.com.tr\/de\/cenova-satosu-amasra-kalesi\/amasra-cenova-satosu-ve-kale-6\/\"><img loading=\"lazy\" decoding=\"async\" width=\"230\" height=\"230\" src=\"https:\/\/amasra.com.tr\/wp-content\/uploads\/2018\/06\/amasra-cenova-satosu-ve-kale-6-230x230.jpg\" class=\"attachment-medium size-medium\" alt=\"\" aria-describedby=\"gallery-7-14081\" srcset=\"https:\/\/amasra.com.tr\/wp-content\/uploads\/2018\/06\/amasra-cenova-satosu-ve-kale-6-230x230.jpg 230w, https:\/\/amasra.com.tr\/wp-content\/uploads\/2018\/06\/amasra-cenova-satosu-ve-kale-6-167x167.jpg 167w\" sizes=\"auto, (max-width: 230px) 100vw, 230px\" \/><\/a>\n\t\t\t<\/div>\n\t\t\t\t<figcaption class='wp-caption-text gallery-caption' id='gallery-7-14081'>\n\t\t\t\tGenua-Burg \u2013 Amasra\n\t\t\t\t<\/figcaption><\/figure>\n\t\t<\/div>\n\n<h2><strong><span style=\"font-size: 18pt;\">8. Edhem Agha-Herrenhaus<\/span><\/strong><\/h2>\n<p><span style=\"font-size: 12pt;\">Edhem A\u011fa kam aus Karada\u011f nach Amasra, er\u00f6ffnete 1864 ein Kohlenbergwerk und baute 1887 f\u00fcr seine Familie ein dreist\u00f6ckiges Herrenhaus am Ufer des K\u00fc\u00e7\u00fck-Hafens im Stil des t\u00fcrkischen Empirismus.<\/span><\/p>\n<div id='gallery-8' class='gallery galleryid-12146 gallery-columns-3 gallery-size-medium'><figure class='gallery-item'>\n\t\t\t<div class='gallery-icon landscape'>\n\t\t\t\t<a href=\"https:\/\/amasra.com.tr\/wp-content\/uploads\/2013\/06\/edhem-aga-konagi-amasra-3.jpg\"><img loading=\"lazy\" decoding=\"async\" width=\"230\" height=\"230\" src=\"https:\/\/amasra.com.tr\/wp-content\/uploads\/2013\/06\/edhem-aga-konagi-amasra-3-230x230.jpg\" class=\"attachment-medium size-medium\" alt=\"\" aria-describedby=\"gallery-8-5820\" srcset=\"https:\/\/amasra.com.tr\/wp-content\/uploads\/2013\/06\/edhem-aga-konagi-amasra-3-230x230.jpg 230w, https:\/\/amasra.com.tr\/wp-content\/uploads\/2013\/06\/edhem-aga-konagi-amasra-3-167x167.jpg 167w, https:\/\/amasra.com.tr\/wp-content\/uploads\/2013\/06\/edhem-aga-konagi-amasra-3-50x50.jpg 50w\" sizes=\"auto, (max-width: 230px) 100vw, 230px\" \/><\/a>\n\t\t\t<\/div>\n\t\t\t\t<figcaption class='wp-caption-text gallery-caption' id='gallery-8-5820'>\n\t\t\t\tEdhem Agha-Herrenhaus\n\t\t\t\t<\/figcaption><\/figure><figure class='gallery-item'>\n\t\t\t<div class='gallery-icon landscape'>\n\t\t\t\t<a href=\"https:\/\/amasra.com.tr\/wp-content\/uploads\/2016\/08\/edhem-aga-konagi-amasra-1.jpg\"><img loading=\"lazy\" decoding=\"async\" width=\"230\" height=\"230\" src=\"https:\/\/amasra.com.tr\/wp-content\/uploads\/2016\/08\/edhem-aga-konagi-amasra-1-230x230.jpg\" class=\"attachment-medium size-medium\" alt=\"\" srcset=\"https:\/\/amasra.com.tr\/wp-content\/uploads\/2016\/08\/edhem-aga-konagi-amasra-1-230x230.jpg 230w, https:\/\/amasra.com.tr\/wp-content\/uploads\/2016\/08\/edhem-aga-konagi-amasra-1-167x167.jpg 167w, https:\/\/amasra.com.tr\/wp-content\/uploads\/2016\/08\/edhem-aga-konagi-amasra-1-50x50.jpg 50w\" sizes=\"auto, (max-width: 230px) 100vw, 230px\" \/><\/a>\n\t\t\t<\/div><\/figure>\n\t\t<\/div>\n\n<p><span style=\"font-size: 14pt;\">\u00a0\u00a0<\/span><\/p>\n<p><strong><span style=\"font-size: 14pt;\"><a href=\"http:\/\/amasra.com.tr\/de\/fatih-moschee\/\" target=\"_blank\" rel=\"noopener noreferrer\"><span style=\"font-size: 18pt;\">9. Fatih-Moschee<\/span><\/a><\/span><\/strong><\/p>\n<p><span style=\"font-size: 12pt;\"> Im Inneren der Burg Amasra im 9. Jahrhundert <\/span><span style=\"font-size: 12pt;\">Es handelt sich um eine byzantinische Kirche, erbaut in W\u00e4hrend der Eroberung von Amasra durch Fatih Sultan Mehmet wurde es in eine Moschee umgewandelt. Der Imam der Moschee befindet sich in der Kirche, seit Fatih Sultan Mehmet Khan die Kirche \u00fcbernommen hat. <strong>die Predigt mit dem Schwert<\/strong> liest.<\/span><\/p>\n<div id='gallery-9' class='gallery galleryid-12146 gallery-columns-3 gallery-size-medium'><figure class='gallery-item'>\n\t\t\t<div class='gallery-icon portrait'>\n\t\t\t\t<a href=\"https:\/\/amasra.com.tr\/wp-content\/uploads\/2016\/08\/amasra-fatih-camisi-3.jpg\"><img loading=\"lazy\" decoding=\"async\" width=\"230\" height=\"230\" src=\"https:\/\/amasra.com.tr\/wp-content\/uploads\/2016\/08\/amasra-fatih-camisi-3-230x230.jpg\" class=\"attachment-medium size-medium\" alt=\"\" aria-describedby=\"gallery-9-12169\" srcset=\"https:\/\/amasra.com.tr\/wp-content\/uploads\/2016\/08\/amasra-fatih-camisi-3-230x230.jpg 230w, https:\/\/amasra.com.tr\/wp-content\/uploads\/2016\/08\/amasra-fatih-camisi-3-167x167.jpg 167w, https:\/\/amasra.com.tr\/wp-content\/uploads\/2016\/08\/amasra-fatih-camisi-3-50x50.jpg 50w\" sizes=\"auto, (max-width: 230px) 100vw, 230px\" \/><\/a>\n\t\t\t<\/div>\n\t\t\t\t<figcaption class='wp-caption-text gallery-caption' id='gallery-9-12169'>\n\t\t\t\tFatih-Moschee \u2013 Amasra\n\t\t\t\t<\/figcaption><\/figure><figure class='gallery-item'>\n\t\t\t<div class='gallery-icon landscape'>\n\t\t\t\t<a href=\"https:\/\/amasra.com.tr\/wp-content\/uploads\/2016\/08\/fatih-camisi-amasra-fotograflari.jpg\"><img loading=\"lazy\" decoding=\"async\" width=\"230\" height=\"230\" src=\"https:\/\/amasra.com.tr\/wp-content\/uploads\/2016\/08\/fatih-camisi-amasra-fotograflari-230x230.jpg\" class=\"attachment-medium size-medium\" alt=\"\" aria-describedby=\"gallery-9-12170\" srcset=\"https:\/\/amasra.com.tr\/wp-content\/uploads\/2016\/08\/fatih-camisi-amasra-fotograflari-230x230.jpg 230w, https:\/\/amasra.com.tr\/wp-content\/uploads\/2016\/08\/fatih-camisi-amasra-fotograflari-167x167.jpg 167w, https:\/\/amasra.com.tr\/wp-content\/uploads\/2016\/08\/fatih-camisi-amasra-fotograflari-50x50.jpg 50w\" sizes=\"auto, (max-width: 230px) 100vw, 230px\" \/><\/a>\n\t\t\t<\/div>\n\t\t\t\t<figcaption class='wp-caption-text gallery-caption' id='gallery-9-12170'>\n\t\t\t\tGesamtansicht \u2013 Fatih-Moschee (Alte Kirche)\n\t\t\t\t<\/figcaption><\/figure><figure class='gallery-item'>\n\t\t\t<div class='gallery-icon landscape'>\n\t\t\t\t<a href=\"https:\/\/amasra.com.tr\/wp-content\/uploads\/2013\/05\/fatih-camii-amasra.jpg\"><img loading=\"lazy\" decoding=\"async\" width=\"230\" height=\"230\" src=\"https:\/\/amasra.com.tr\/wp-content\/uploads\/2013\/05\/fatih-camii-amasra-230x230.jpg\" class=\"attachment-medium size-medium\" alt=\"\" aria-describedby=\"gallery-9-1667\" srcset=\"https:\/\/amasra.com.tr\/wp-content\/uploads\/2013\/05\/fatih-camii-amasra-230x230.jpg 230w, https:\/\/amasra.com.tr\/wp-content\/uploads\/2013\/05\/fatih-camii-amasra-167x167.jpg 167w, https:\/\/amasra.com.tr\/wp-content\/uploads\/2013\/05\/fatih-camii-amasra-50x50.jpg 50w\" sizes=\"auto, (max-width: 230px) 100vw, 230px\" \/><\/a>\n\t\t\t<\/div>\n\t\t\t\t<figcaption class='wp-caption-text gallery-caption' id='gallery-9-1667'>\n\t\t\t\tFatih-Moschee unter Schnee\n\t\t\t\t<\/figcaption><\/figure>\n\t\t<\/div>\n\n<p><span style=\"font-size: 14pt;\">\u00a0<\/span><\/p>\n<h2><strong><span style=\"font-size: 18pt;\"><a href=\"http:\/\/amasra.com.tr\/de\/amasra-bedesten\/\">10. Bezirk Bedesten<\/a><\/span><\/strong><\/h2>\n<p><span style=\"font-size: 12pt;\">Es handelt sich um eine gro\u00dfe Basilika aus der R\u00f6merzeit. Man kann ihn auch als den alten Marktplatz bezeichnen.<\/span><\/p>\n<p><span style=\"font-size: 14pt;\"><a href=\"http:\/\/amasra.com.tr\/wp-content\/uploads\/2017\/06\/bedesten-2.jpg\"><img loading=\"lazy\" decoding=\"async\" class=\"alignnone size-medium wp-image-12625\" src=\"http:\/\/amasra.com.tr\/wp-content\/uploads\/2017\/06\/bedesten-2-230x230.jpg\" alt=\"\" width=\"230\" height=\"230\" srcset=\"https:\/\/amasra.com.tr\/wp-content\/uploads\/2017\/06\/bedesten-2-230x230.jpg 230w, https:\/\/amasra.com.tr\/wp-content\/uploads\/2017\/06\/bedesten-2-167x167.jpg 167w, https:\/\/amasra.com.tr\/wp-content\/uploads\/2017\/06\/bedesten-2-50x50.jpg 50w\" sizes=\"auto, (max-width: 230px) 100vw, 230px\" \/><\/a>\u00a0\u00a0<\/span><\/p>\n<p><a href=\"http:\/\/amasra.com.tr\/de\/tekke-tepe-turbesi\/\"><span style=\"font-size: 14pt;\"><strong><span style=\"font-size: 18pt;\">11. Tekke Tepe-Grab<\/span><\/strong><\/span><\/a><\/p>\n<p>Dieser H\u00fcgel, eine antike Insel, war ein Gebets- und Wunschpunkt inmitten des alten Amasra-Friedhofs. Wie die \u201eH\u0131d\u0131rl\u0131k\u201c in anderen St\u00e4dten verf\u00fcgt auch das Heiligtum von Amasra \u00fcber eine Nak\u015fibendi-Derwischh\u00fctte, und um sie herum gibt es Friedh\u00f6fe von Scheichs und Derwischen.<\/p>\n<p>Die Treuh\u00e4nder und Scheichs der Logenstiftung stammten vom Vater bis zum Sohn aus der Familie Alemdaro\u011fullar\u0131 \u2026<\/p>\n<h2><span style=\"font-size: 14pt;\"><a href=\"http:\/\/amasra.com.tr\/de\/grab-von-baris-akarsun\/\"><strong><span style=\"font-size: 18pt;\">12. Das Grab von Bar\u0131\u015f Akarsu<\/span><\/strong><\/a><\/span><\/h2>\n<p><span style=\"font-size: 14pt;\"><span style=\"font-size: 12pt;\">Verstorbener S\u00e4nger aus Amasra <strong>Friedensstrom<\/strong>Das Grab. <strong>Wegbeschreibung zum Friedhof<\/strong> f\u00fcr<\/span><a href=\"http:\/\/amasra.com.tr\/de\/grab-von-baris-akarsun\/\"><span style=\"font-size: 12pt;\"> klick auf den Link.<\/span><\/a><\/span><\/p>\n<div id='gallery-10' class='gallery galleryid-12146 gallery-columns-3 gallery-size-medium'><figure class='gallery-item'>\n\t\t\t<div class='gallery-icon landscape'>\n\t\t\t\t<a href=\"https:\/\/amasra.com.tr\/wp-content\/uploads\/2016\/07\/baris-akarsu-amasra.jpg\"><img loading=\"lazy\" decoding=\"async\" width=\"230\" height=\"230\" src=\"https:\/\/amasra.com.tr\/wp-content\/uploads\/2016\/07\/baris-akarsu-amasra-230x230.jpg\" class=\"attachment-medium size-medium\" alt=\"Baris Akarsu Amasra\" aria-describedby=\"gallery-10-12060\" srcset=\"https:\/\/amasra.com.tr\/wp-content\/uploads\/2016\/07\/baris-akarsu-amasra-230x230.jpg 230w, https:\/\/amasra.com.tr\/wp-content\/uploads\/2016\/07\/baris-akarsu-amasra-167x167.jpg 167w, https:\/\/amasra.com.tr\/wp-content\/uploads\/2016\/07\/baris-akarsu-amasra-350x350.jpg 350w, https:\/\/amasra.com.tr\/wp-content\/uploads\/2016\/07\/baris-akarsu-amasra-50x50.jpg 50w, https:\/\/amasra.com.tr\/wp-content\/uploads\/2016\/07\/baris-akarsu-amasra.jpg 450w\" sizes=\"auto, (max-width: 230px) 100vw, 230px\" \/><\/a>\n\t\t\t<\/div>\n\t\t\t\t<figcaption class='wp-caption-text gallery-caption' id='gallery-10-12060'>\n\t\t\t\tDer verstorbene S\u00e4nger Bar\u0131\u015f Akarsu aus Amasra\n\t\t\t\t<\/figcaption><\/figure><figure class='gallery-item'>\n\t\t\t<div class='gallery-icon landscape'>\n\t\t\t\t<a href=\"https:\/\/amasra.com.tr\/wp-content\/uploads\/2014\/02\/baris-akarsu-amasra-9.jpg\"><img loading=\"lazy\" decoding=\"async\" width=\"230\" height=\"230\" src=\"https:\/\/amasra.com.tr\/wp-content\/uploads\/2014\/02\/baris-akarsu-amasra-9-230x230.jpg\" class=\"attachment-medium size-medium\" alt=\"\" aria-describedby=\"gallery-10-4503\" srcset=\"https:\/\/amasra.com.tr\/wp-content\/uploads\/2014\/02\/baris-akarsu-amasra-9-230x230.jpg 230w, https:\/\/amasra.com.tr\/wp-content\/uploads\/2014\/02\/baris-akarsu-amasra-9-167x167.jpg 167w, https:\/\/amasra.com.tr\/wp-content\/uploads\/2014\/02\/baris-akarsu-amasra-9-50x50.jpg 50w\" sizes=\"auto, (max-width: 230px) 100vw, 230px\" \/><\/a>\n\t\t\t<\/div>\n\t\t\t\t<figcaption class='wp-caption-text gallery-caption' id='gallery-10-4503'>\n\t\t\t\tFamilie und Angeh\u00f6rige zum Jahrestag seines Todes\n\t\t\t\t<\/figcaption><\/figure><figure class='gallery-item'>\n\t\t\t<div class='gallery-icon portrait'>\n\t\t\t\t<a href=\"https:\/\/amasra.com.tr\/wp-content\/uploads\/2014\/02\/baris-akarsu-amasra-5.jpg\"><img loading=\"lazy\" decoding=\"async\" width=\"230\" height=\"230\" src=\"https:\/\/amasra.com.tr\/wp-content\/uploads\/2014\/02\/baris-akarsu-amasra-5-230x230.jpg\" class=\"attachment-medium size-medium\" alt=\"Baris Akarsu Amasra\" aria-describedby=\"gallery-10-4499\" srcset=\"https:\/\/amasra.com.tr\/wp-content\/uploads\/2014\/02\/baris-akarsu-amasra-5-230x230.jpg 230w, https:\/\/amasra.com.tr\/wp-content\/uploads\/2014\/02\/baris-akarsu-amasra-5-167x167.jpg 167w, https:\/\/amasra.com.tr\/wp-content\/uploads\/2014\/02\/baris-akarsu-amasra-5-50x50.jpg 50w\" sizes=\"auto, (max-width: 230px) 100vw, 230px\" \/><\/a>\n\t\t\t<\/div>\n\t\t\t\t<figcaption class='wp-caption-text gallery-caption' id='gallery-10-4499'>\n\t\t\t\tGrabstein des Friedens\n\t\t\t\t<\/figcaption><\/figure>\n\t\t<\/div>\n\n<h2><a href=\"http:\/\/amasra.com.tr\/de\/kemere-koprusu\/\" target=\"_blank\" rel=\"noopener noreferrer\"><span style=\"font-size: 14pt;\"><strong><span style=\"font-size: 18pt;\">13. Kemere-Br\u00fccke<\/span><\/strong><\/span><\/a><\/h2>\n<p><span style=\"font-size: 12pt;\">Es ist eines der \u00e4ltesten Bauwerke von Amasra. Die Br\u00fccke wurde in der R\u00f6merzeit in Mauerwerkstechnik erbaut. Vergessen Sie nicht, auf dieser Br\u00fccke ein Foto mit Rabbit Island im Hintergrund zu machen!<\/span><\/p>\n<p><span style=\"font-size: 12pt;\">Hinweis: Um das Apart mit der besten Aussicht auf diese Br\u00fccke zu mieten, empfehlen wir Ihnen, sich Amasra Ruhi Palas anzusehen.<\/span><\/p>\n<div id='gallery-11' class='gallery galleryid-12146 gallery-columns-3 gallery-size-medium'><figure class='gallery-item'>\n\t\t\t<div class='gallery-icon landscape'>\n\t\t\t\t<a href=\"https:\/\/amasra.com.tr\/de\/?attachment_id=1658\"><img loading=\"lazy\" decoding=\"async\" width=\"230\" height=\"230\" src=\"https:\/\/amasra.com.tr\/wp-content\/uploads\/2013\/05\/amasra-kemere-bridge-230x230.jpg\" class=\"attachment-medium size-medium\" alt=\"\" aria-describedby=\"gallery-11-1658\" srcset=\"https:\/\/amasra.com.tr\/wp-content\/uploads\/2013\/05\/amasra-kemere-bridge-230x230.jpg 230w, https:\/\/amasra.com.tr\/wp-content\/uploads\/2013\/05\/amasra-kemere-bridge-167x167.jpg 167w, https:\/\/amasra.com.tr\/wp-content\/uploads\/2013\/05\/amasra-kemere-bridge-50x50.jpg 50w\" sizes=\"auto, (max-width: 230px) 100vw, 230px\" \/><\/a>\n\t\t\t<\/div>\n\t\t\t\t<figcaption class='wp-caption-text gallery-caption' id='gallery-11-1658'>\n\t\t\t\tLinks Amasra und rechts die Insel Boztepe\n\t\t\t\t<\/figcaption><\/figure><figure class='gallery-item'>\n\t\t\t<div class='gallery-icon portrait'>\n\t\t\t\t<a href=\"https:\/\/amasra.com.tr\/de\/?attachment_id=1425\"><img loading=\"lazy\" decoding=\"async\" width=\"230\" height=\"230\" src=\"https:\/\/amasra.com.tr\/wp-content\/uploads\/2013\/05\/amasra-kemere-k\u00f6pr\u00fcs\u00fc1-230x230.jpg\" class=\"attachment-medium size-medium\" alt=\"Amasra-Kemere-Br\u00fccke\" srcset=\"https:\/\/amasra.com.tr\/wp-content\/uploads\/2013\/05\/amasra-kemere-k\u00f6pr\u00fcs\u00fc1-230x230.jpg 230w, https:\/\/amasra.com.tr\/wp-content\/uploads\/2013\/05\/amasra-kemere-k\u00f6pr\u00fcs\u00fc1-167x167.jpg 167w, https:\/\/amasra.com.tr\/wp-content\/uploads\/2013\/05\/amasra-kemere-k\u00f6pr\u00fcs\u00fc1-50x50.jpg 50w\" sizes=\"auto, (max-width: 230px) 100vw, 230px\" \/><\/a>\n\t\t\t<\/div><\/figure><figure class='gallery-item'>\n\t\t\t<div class='gallery-icon landscape'>\n\t\t\t\t<a href=\"https:\/\/amasra.com.tr\/de\/amasra-havadan-genel-fotograflar\/amasra-havadan-genel-fotograflar-25\/\"><img loading=\"lazy\" decoding=\"async\" width=\"230\" height=\"230\" src=\"https:\/\/amasra.com.tr\/wp-content\/uploads\/2016\/02\/amasra-havadan-genel-fotograflar-25-230x230.jpg\" class=\"attachment-medium size-medium\" alt=\"Amasra Havadan Genel Fotograflar\" aria-describedby=\"gallery-11-11313\" srcset=\"https:\/\/amasra.com.tr\/wp-content\/uploads\/2016\/02\/amasra-havadan-genel-fotograflar-25-230x230.jpg 230w, https:\/\/amasra.com.tr\/wp-content\/uploads\/2016\/02\/amasra-havadan-genel-fotograflar-25-167x167.jpg 167w, https:\/\/amasra.com.tr\/wp-content\/uploads\/2016\/02\/amasra-havadan-genel-fotograflar-25-50x50.jpg 50w\" sizes=\"auto, (max-width: 230px) 100vw, 230px\" \/><\/a>\n\t\t\t<\/div>\n\t\t\t\t<figcaption class='wp-caption-text gallery-caption' id='gallery-11-11313'>\n\t\t\t\tBlick nach Osten auf die Kemere-Br\u00fccke\n\t\t\t\t<\/figcaption><\/figure>\n\t\t<\/div>\n\n<h2><strong><span style=\"font-size: 18pt;\">13. Region Boztepe und einzigartige Aussicht auf Amasra<\/span><\/strong><\/h2>\n<p><span style=\"font-size: 12pt;\">Diese Region, oder vielmehr die Insel, bietet eine der sch\u00f6nsten Aussichten von Amasra. <strong>Die Insel Boztepe in der R\u00f6merzeit<\/strong>Sie k\u00f6nnen die historische Kemere-Br\u00fccke \u00fcberqueren. Die Umgebung der Insel <strong>UNESCO-Welterbekandidat<\/strong> Es ist von Mauern umgeben. Nachdem Sie die Br\u00fccke \u00fcberquert haben, k\u00f6nnen Sie einen steilen Hang in Richtung Norden (rechte Seite) hinaufgehen und einen Panoramablick auf die Kanincheninsel Amasra und den kleinen Hafenbereich genie\u00dfen.<\/span><\/p>\n<div id='gallery-12' class='gallery galleryid-12146 gallery-columns-3 gallery-size-medium'><figure class='gallery-item'>\n\t\t\t<div class='gallery-icon landscape'>\n\t\t\t\t<a href=\"https:\/\/amasra.com.tr\/wp-content\/uploads\/2017\/08\/amasra-fotografi.jpg\"><img loading=\"lazy\" decoding=\"async\" width=\"230\" height=\"230\" src=\"https:\/\/amasra.com.tr\/wp-content\/uploads\/2017\/08\/amasra-fotografi-230x230.jpg\" class=\"attachment-medium size-medium\" alt=\"Amasra-Foto\" aria-describedby=\"gallery-12-12986\" srcset=\"https:\/\/amasra.com.tr\/wp-content\/uploads\/2017\/08\/amasra-fotografi-230x230.jpg 230w, https:\/\/amasra.com.tr\/wp-content\/uploads\/2017\/08\/amasra-fotografi-167x167.jpg 167w, https:\/\/amasra.com.tr\/wp-content\/uploads\/2017\/08\/amasra-fotografi-50x50.jpg 50w\" sizes=\"auto, (max-width: 230px) 100vw, 230px\" \/><\/a>\n\t\t\t<\/div>\n\t\t\t\t<figcaption class='wp-caption-text gallery-caption' id='gallery-12-12986'>\n\t\t\t\tInsel Boztepe (Ansicht der Ada Apart Pension) Foto: Kemal Onur Ozman\n\t\t\t\t<\/figcaption><\/figure><figure class='gallery-item'>\n\t\t\t<div class='gallery-icon landscape'>\n\t\t\t\t<a href=\"https:\/\/amasra.com.tr\/wp-content\/uploads\/2014\/07\/amasra-boztepe-direkli-kaya.png\"><img loading=\"lazy\" decoding=\"async\" width=\"230\" height=\"230\" src=\"https:\/\/amasra.com.tr\/wp-content\/uploads\/2014\/07\/amasra-boztepe-direkli-kaya-230x230.png\" class=\"attachment-medium size-medium\" alt=\"Amasra-Boztepe-S\u00e4ulenfelsen\" aria-describedby=\"gallery-12-7530\" srcset=\"https:\/\/amasra.com.tr\/wp-content\/uploads\/2014\/07\/amasra-boztepe-direkli-kaya-230x230.png 230w, https:\/\/amasra.com.tr\/wp-content\/uploads\/2014\/07\/amasra-boztepe-direkli-kaya-167x167.png 167w, https:\/\/amasra.com.tr\/wp-content\/uploads\/2014\/07\/amasra-boztepe-direkli-kaya-50x50.png 50w\" sizes=\"auto, (max-width: 230px) 100vw, 230px\" \/><\/a>\n\t\t\t<\/div>\n\t\t\t\t<figcaption class='wp-caption-text gallery-caption' id='gallery-12-7530'>\n\t\t\t\tAmasra-Blick von Boztepe\n\t\t\t\t<\/figcaption><\/figure><figure class='gallery-item'>\n\t\t\t<div class='gallery-icon landscape'>\n\t\t\t\t<a href=\"https:\/\/amasra.com.tr\/wp-content\/uploads\/2017\/08\/amasra-uluslararasi-yuzme-maratonu.jpg\"><img loading=\"lazy\" decoding=\"async\" width=\"230\" height=\"230\" src=\"https:\/\/amasra.com.tr\/wp-content\/uploads\/2017\/08\/amasra-uluslararasi-yuzme-maratonu-230x230.jpg\" class=\"attachment-medium size-medium\" alt=\"Amasra Uluslararas\u0131 Y\u00fczme Maratonu\" aria-describedby=\"gallery-12-13063\" srcset=\"https:\/\/amasra.com.tr\/wp-content\/uploads\/2017\/08\/amasra-uluslararasi-yuzme-maratonu-230x230.jpg 230w, https:\/\/amasra.com.tr\/wp-content\/uploads\/2017\/08\/amasra-uluslararasi-yuzme-maratonu-167x167.jpg 167w, https:\/\/amasra.com.tr\/wp-content\/uploads\/2017\/08\/amasra-uluslararasi-yuzme-maratonu-50x50.jpg 50w\" sizes=\"auto, (max-width: 230px) 100vw, 230px\" \/><\/a>\n\t\t\t<\/div>\n\t\t\t\t<figcaption class='wp-caption-text gallery-caption' id='gallery-12-13063'>\n\t\t\t\tAmasra in Bezug auf Boztepe\n\t\t\t\t<\/figcaption><\/figure>\n\t\t<\/div>\n\n<h2><strong><span style=\"font-size: 18pt;\">14.<a href=\"https:\/\/amasra.com.tr\/de\/amasra-cekiciler-carsisi\/\">Attraktiver Basar<\/a><\/span><\/strong><\/h2>\n<p><span style=\"font-size: 12pt;\">Wenn Sie etwas zum Gedenken an Amasra kaufen m\u00f6chten, k\u00f6nnen Sie auf dem \u00c7ekiciler-Basar vorbeischauen. Auch in den Gesch\u00e4ften, in denen chinesische Waren und gelegentlich lokales Kunsthandwerk hergestellt und verkauft werden, k\u00f6nnen Sie etwas Passendes f\u00fcr sich selbst kaufen. Es ist m\u00f6glich, viele Produkte zu finden, die Ihren Bed\u00fcrfnissen entsprechen, von verschiedenen Holzarbeiten wie Drahtbrucharten, Kreuzstichbez\u00fcgen, handgeschnitzten Holzarbeiten, Holzornamenten und Ornamenten aus handgewebten Stoffen.<\/span><\/p>\n<div id='gallery-13' class='gallery galleryid-12146 gallery-columns-3 gallery-size-medium'><figure class='gallery-item'>\n\t\t\t<div class='gallery-icon landscape'>\n\t\t\t\t<a href=\"https:\/\/amasra.com.tr\/de\/amasrada-nereler-gezilir-fotografli\/amasra-cekiciler\/\"><img loading=\"lazy\" decoding=\"async\" width=\"230\" height=\"230\" src=\"https:\/\/amasra.com.tr\/wp-content\/uploads\/2016\/08\/amasra-cekiciler-230x230.jpg\" class=\"attachment-medium size-medium\" alt=\"Amasra \u00c7ekiciler\" aria-describedby=\"gallery-13-12148\" srcset=\"https:\/\/amasra.com.tr\/wp-content\/uploads\/2016\/08\/amasra-cekiciler-230x230.jpg 230w, https:\/\/amasra.com.tr\/wp-content\/uploads\/2016\/08\/amasra-cekiciler-167x167.jpg 167w, https:\/\/amasra.com.tr\/wp-content\/uploads\/2016\/08\/amasra-cekiciler-50x50.jpg 50w\" sizes=\"auto, (max-width: 230px) 100vw, 230px\" \/><\/a>\n\t\t\t<\/div>\n\t\t\t\t<figcaption class='wp-caption-text gallery-caption' id='gallery-13-12148'>\n\t\t\t\tCiciler-Stra\u00dfe (Cikrikcilar-Basar)\n\t\t\t\t<\/figcaption><\/figure><figure class='gallery-item'>\n\t\t\t<div class='gallery-icon portrait'>\n\t\t\t\t<a href=\"https:\/\/amasra.com.tr\/de\/amasrada-nereler-gezilir-fotografli\/amasra-cekiciler-carsisi-urunu\/\"><img loading=\"lazy\" decoding=\"async\" width=\"230\" height=\"230\" src=\"https:\/\/amasra.com.tr\/wp-content\/uploads\/2016\/08\/amasra-cekiciler-carsisi-urunu-230x230.jpg\" class=\"attachment-medium size-medium\" alt=\"Amasra \u00c7ekiciler \u00c7ar\u015f\u0131s\u0131 Urunu\" aria-describedby=\"gallery-13-12147\" srcset=\"https:\/\/amasra.com.tr\/wp-content\/uploads\/2016\/08\/amasra-cekiciler-carsisi-urunu-230x230.jpg 230w, https:\/\/amasra.com.tr\/wp-content\/uploads\/2016\/08\/amasra-cekiciler-carsisi-urunu-167x167.jpg 167w, https:\/\/amasra.com.tr\/wp-content\/uploads\/2016\/08\/amasra-cekiciler-carsisi-urunu-50x50.jpg 50w\" sizes=\"auto, (max-width: 230px) 100vw, 230px\" \/><\/a>\n\t\t\t<\/div>\n\t\t\t\t<figcaption class='wp-caption-text gallery-caption' id='gallery-13-12147'>\n\t\t\t\tHolzkr\u00fcge von Amasra\n\t\t\t\t<\/figcaption><\/figure><figure class='gallery-item'>\n\t\t\t<div class='gallery-icon landscape'>\n\t\t\t\t<a href=\"https:\/\/amasra.com.tr\/de\/?attachment_id=3816\"><img loading=\"lazy\" decoding=\"async\" width=\"230\" height=\"230\" src=\"https:\/\/amasra.com.tr\/wp-content\/uploads\/2013\/06\/amasra-demokrasi-park\u0131-cekiciler-7-230x230.jpg\" class=\"attachment-medium size-medium\" alt=\"\" aria-describedby=\"gallery-13-3816\" srcset=\"https:\/\/amasra.com.tr\/wp-content\/uploads\/2013\/06\/amasra-demokrasi-park\u0131-cekiciler-7-230x230.jpg 230w, https:\/\/amasra.com.tr\/wp-content\/uploads\/2013\/06\/amasra-demokrasi-park\u0131-cekiciler-7-167x167.jpg 167w, https:\/\/amasra.com.tr\/wp-content\/uploads\/2013\/06\/amasra-demokrasi-park\u0131-cekiciler-7-50x50.jpg 50w\" sizes=\"auto, (max-width: 230px) 100vw, 230px\" \/><\/a>\n\t\t\t<\/div>\n\t\t\t\t<figcaption class='wp-caption-text gallery-caption' id='gallery-13-3816'>\n\t\t\t\tAbschleppwagen (Eingang Ost)\n\t\t\t\t<\/figcaption><\/figure>\n\t\t<\/div>\n\n<p><span style=\"font-size: 14pt;\">\u00a0\u00a0<\/span><\/p>\n<ul>\n<li><span style=\"font-size: 14pt;\">FREI <a href=\"http:\/\/amasra.com.tr\/de\/stadtplan\/\">Stadtkarte<\/a> Schauen Sie sich die Seite an!<\/span><\/li>\n<li><span style=\"color: #993300; font-size: 14pt;\">Liste und Fotos von Wasserf\u00e4llen in der N\u00e4he von Amasra<\/span><\/li>\n<li><span style=\"color: #993300; font-size: 14pt;\"><a style=\"color: #993300;\" href=\"http:\/\/amasra.com.tr\/de\/amasra-strande\/\">Liste und Fotos von Str\u00e4nden in der N\u00e4he von Amasra<\/a><\/span><\/li>\n<\/ul>\n<p><a href=\"http:\/\/amasra.com.tr\/wp-content\/uploads\/2020\/04\/amasra-kent-haritasi.jpg\"><img loading=\"lazy\" decoding=\"async\" class=\"alignnone size-full wp-image-15065\" src=\"http:\/\/amasra.com.tr\/wp-content\/uploads\/2020\/04\/amasra-kent-haritasi.jpg\" alt=\"\" width=\"1400\" height=\"1978\" srcset=\"https:\/\/amasra.com.tr\/wp-content\/uploads\/2020\/04\/amasra-kent-haritasi.jpg 1400w, https:\/\/amasra.com.tr\/wp-content\/uploads\/2020\/04\/amasra-kent-haritasi-248x350.jpg 248w, https:\/\/amasra.com.tr\/wp-content\/uploads\/2020\/04\/amasra-kent-haritasi-768x1085.jpg 768w, https:\/\/amasra.com.tr\/wp-content\/uploads\/2020\/04\/amasra-kent-haritasi-1087x1536.jpg 1087w, https:\/\/amasra.com.tr\/wp-content\/uploads\/2020\/04\/amasra-kent-haritasi-118x167.jpg 118w\" sizes=\"auto, (max-width: 1400px) 100vw, 1400px\" \/><\/a><\/p>\n<p><!-- SSS-BASLANGIC --><\/p>\n<h2>S\u0131k\u00e7a Sorulan Sorular<\/h2>\n<div itemscope itemtype=\"https:\/\/schema.org\/FAQPage\">\n<div itemscope itemprop=\"mainEntity\" itemtype=\"https:\/\/schema.org\/Question\">\n<h3 itemprop=\"name\">Amasra&#8217;y\u0131 gezmek ka\u00e7 g\u00fcn s\u00fcrer?<\/h3>\n<div itemscope itemprop=\"acceptedAnswer\" itemtype=\"https:\/\/schema.org\/Answer\">\n<div itemprop=\"text\">\n<p>Amasra merkezdeki ba\u015fl\u0131ca noktalar bir g\u00fcnde gezilebilir. \u00c7evredeki koylar\u0131, Ku\u015fkayas\u0131 Yol An\u0131t\u0131&#8217;n\u0131 ve yak\u0131n k\u00f6yleri de g\u00f6rmek isterseniz iki g\u00fcn ay\u0131rman\u0131z daha rahat olur.<\/p>\n<\/div>\n<\/div>\n<\/div>\n<div itemscope itemprop=\"mainEntity\" itemtype=\"https:\/\/schema.org\/Question\">\n<h3 itemprop=\"name\">Ku\u015fkayas\u0131 Yol An\u0131t\u0131 nerede?<\/h3>\n<div itemscope itemprop=\"acceptedAnswer\" itemtype=\"https:\/\/schema.org\/Answer\">\n<div itemprop=\"text\">\n<p>Amasra-Bart\u0131n eski karayolu \u00fczerinde, Amasra&#8217;ya 4 km uzakl\u0131ktad\u0131r. Roma d\u00f6neminde Galius Julius Aguilla taraf\u0131ndan imparator an\u0131s\u0131na yapt\u0131r\u0131lm\u0131\u015ft\u0131r.<\/p>\n<\/div>\n<\/div>\n<\/div>\n<div itemscope itemprop=\"mainEntity\" itemtype=\"https:\/\/schema.org\/Question\">\n<h3 itemprop=\"name\">Galla (Kad\u0131nlar) Pazar\u0131 ne zaman kurulur?<\/h3>\n<div itemscope itemprop=\"acceptedAnswer\" itemtype=\"https:\/\/schema.org\/Answer\">\n<div itemprop=\"text\">\n<p>Bart\u0131n merkezindeki Galla Pazar\u0131 Sal\u0131 ve Cuma g\u00fcnleri a\u00e7\u0131kt\u0131r. Amasra merkezinde Belediye Binas\u0131 yan\u0131ndaki pazar yaz boyunca a\u00e7\u0131k olup en \u00e7ok \u00e7e\u015fit Sal\u0131 ve Cuma g\u00fcnleri sergilenir.<\/p>\n<\/div>\n<\/div>\n<\/div>\n<div itemscope itemprop=\"mainEntity\" itemtype=\"https:\/\/schema.org\/Question\">\n<h3 itemprop=\"name\">Amasra&#8217;y\u0131 gezmek i\u00e7in en iyi mevsim hangisi?<\/h3>\n<div itemscope itemprop=\"acceptedAnswer\" itemtype=\"https:\/\/schema.org\/Answer\">\n<div itemprop=\"text\">\n<p>May\u0131s-Ekim aras\u0131 hem deniz hem gezi i\u00e7in en uygun d\u00f6nemdir. K\u0131\u015f aylar\u0131nda ise il\u00e7e \u00e7ok daha sakin ve atmosferiktir.<\/p>\n<\/div>\n<\/div>\n<\/div>\n<div itemscope itemprop=\"mainEntity\" itemtype=\"https:\/\/schema.org\/Question\">\n<h3 itemprop=\"name\">Kent haritas\u0131n\u0131 nereden bulabilirim?<\/h3>\n<div itemscope itemprop=\"acceptedAnswer\" itemtype=\"https:\/\/schema.org\/Answer\">\n<div itemprop=\"text\">\n<p>Amasra Kent Haritas\u0131&#8217;n\u0131 projeye destek veren i\u015fletmelerden \u00fccretsiz temin edebilir veya sitemizden dijital olarak indirebilirsiniz.<\/p>\n<\/div>\n<\/div>\n<\/div>\n<\/div>\n<p><!-- SSS-BITIS --><\/p>","protected":false},"excerpt":{"rendered":"<p>2025 Amasra&#8217;da gezilmesi gereken tarihi ve do\u011fal mekanlar\u0131 i\u00e7eren Kent Haritas\u0131&#8217;n\u0131 \u00fccretsiz indiriniz. 1.B\u00fcy\u00fck Liman Plaj\u0131 Caddesi (Turgut I\u015f\u0131k Caddesi) Amasra&#8217;n\u0131n B\u00fcy\u00fck Liman&#8217;da bulunan plaj\u0131n\u0131 boydan boyaya y\u00fcr\u00fcyerek farkl\u0131 a\u00e7\u0131lardan g\u00fczel manzaral\u0131 foto\u011fraflar \u00e7ekebilirsiniz. B\u00fcy\u00fck Liman Plaj\u0131&#8217;na s\u0131f\u0131r konumda konaklamak i\u00e7in www.kumsalapart.com.tr&#8216;ye g\u00f6z atabilirsiniz. &nbsp; 2. Galla (Kad\u0131nlar) Pazar\u0131 (Amasra &#8211; Merkez) Ad\u0131n\u0131 kendi \u00fcr\u00fcnlerini [&hellip;]<\/p>\n","protected":false},"author":1,"featured_media":12588,"comment_status":"open","ping_status":"open","sticky":false,"template":"","format":"standard","meta":{"_yoast_wpseo_title":"Amasra'da Gezilecek Yerler Listesi (Foto\u011frafl\u0131) \u00b7 Amasra.com.tr","_yoast_wpseo_metadesc":"2023 y\u0131l\u0131nda Bat\u0131 karadeniz'in incisi Amasra'da g\u00f6r\u00fclmesi gereken 13 tarihi ve k\u00fclt\u00fcrel mekan\u0131n yer ald\u0131\u011f\u0131 liste ve foto\u011fraf bulunmaktad\u0131r.","_yoast_wpseo_focuskw":"","_yoast_wpseo_canonical":"","rank_math_title":"Amasra'da Gezilecek Yerler Listesi (Foto\u011frafl\u0131) \u00b7 Amasra.com.tr","rank_math_description":"2025 y\u0131l\u0131nda Bat\u0131 karadeniz'in incisi Amasra'da g\u00f6r\u00fclmesi gereken 13 tarihi ve k\u00fclt\u00fcrel mekan\u0131n yer ald\u0131\u011f\u0131 liste ve foto\u011fraf bulunmaktad\u0131r.","rank_math_focus_keyword":"amasra'da gezilecek yerler","rank_math_canonical_url":"","footnotes":""},"categories":[89,36831,29],"tags":[],"class_list":["post-12146","post","type-post","status-publish","format-standard","has-post-thumbnail","hentry","category-amasra-haberleri","category-featured","category-gezilecek-yerler"],"_links":{"self":[{"href":"https:\/\/amasra.com.tr\/de\/wp-json\/wp\/v2\/posts\/12146","targetHints":{"allow":["GET"]}}],"collection":[{"href":"https:\/\/amasra.com.tr\/de\/wp-json\/wp\/v2\/posts"}],"about":[{"href":"https:\/\/amasra.com.tr\/de\/wp-json\/wp\/v2\/types\/post"}],"author":[{"embeddable":true,"href":"https:\/\/amasra.com.tr\/de\/wp-json\/wp\/v2\/users\/1"}],"replies":[{"embeddable":true,"href":"https:\/\/amasra.com.tr\/de\/wp-json\/wp\/v2\/comments?post=12146"}],"version-history":[{"count":0,"href":"https:\/\/amasra.com.tr\/de\/wp-json\/wp\/v2\/posts\/12146\/revisions"}],"wp:featuredmedia":[{"embeddable":true,"href":"https:\/\/amasra.com.tr\/de\/wp-json\/wp\/v2\/media\/12588"}],"wp:attachment":[{"href":"https:\/\/amasra.com.tr\/de\/wp-json\/wp\/v2\/media?parent=12146"}],"wp:term":[{"taxonomy":"category","embeddable":true,"href":"https:\/\/amasra.com.tr\/de\/wp-json\/wp\/v2\/categories?post=12146"},{"taxonomy":"post_tag","embeddable":true,"href":"https:\/\/amasra.com.tr\/de\/wp-json\/wp\/v2\/tags?post=12146"}],"curies":[{"name":"wp","href":"https:\/\/api.w.org\/{rel}","templated":true}]}}