{"id":12300,"date":"2016-10-10T22:26:27","date_gmt":"2016-10-10T19:26:27","guid":{"rendered":"http:\/\/amasra.com.tr\/?p=12300"},"modified":"2016-10-10T22:26:27","modified_gmt":"2016-10-10T19:26:27","slug":"amasranin-geri-sayimi-basladi","status":"publish","type":"post","link":"https:\/\/amasra.com.tr\/de\/amasranin-geri-sayimi-basladi\/","title":{"rendered":"Der Countdown von Amasra hat begonnen!"},"content":{"rendered":"<p><strong><span style=\"font-size: 14pt;\">Der Countdown f\u00fcr Amasras Tod beginnt<\/span><\/strong><\/p>\n<p>F\u00fcr das geplante W\u00e4rmekraftwerk in Amasra sind UVP-Berichte erforderlich. <strong>Umwelt- und Stadtministerium<\/strong> Genehmigt durch.<br \/>\nDie Provinzdirektion f\u00fcr Umwelt und Urbanisierung von Bart\u0131n gab bekannt, dass der Bericht \u00fcber die Umweltvertr\u00e4glichkeitspr\u00fcfung (UVP) bez\u00fcglich der Aschelagerfl\u00e4che und des Aschef\u00fcllbereichs sowie des Projekts, das f\u00fcr das W\u00e4rmekraftwerk, das in Amasra gebaut werden soll, erforderlich ist, vom Ministerium f\u00fcr Umwelt und Urbanisierung genehmigt wurde. In der schriftlichen Erkl\u00e4rung der Provinzdirektion Bart\u0131n wurde mitgeteilt, dass die f\u00fcr das W\u00e4rmekraftwerk beantragte Umweltvertr\u00e4glichkeitspr\u00fcfung von der Generaldirektion f\u00fcr Genehmigungen und Inspektionen gepr\u00fcft und bewertet wurde.<br \/>\nIn der Erkl\u00e4rung wurde darauf hingewiesen, dass die betreffenden UVP-Berichte f\u00fcr das zu errichtende W\u00e4rmekraftwerk im Rahmen von Artikel 14 und vorl\u00e4ufigem Artikel 1 der UVP-Verordnung positiv bewertet wurden. <strong>\u201eDer von unserem Ministerium der Generaldirektion f\u00fcr Genehmigungen und Inspektionen vorgelegte UVP-Bericht \u00fcber das W\u00e4rmekraftwerk, den Aschelagerbereich und den Hafenf\u00fcllbereich sowie das Dockprojekt, das von der Auftragnehmerfirma am Standort \u00c7apak Bay innerhalb der Grenzen von durchgef\u00fchrt werden soll Die D\u00f6rfer G\u00f6m\u00fc und Tarlaa\u011fz\u0131 im Bezirk Amasra unserer Stadt wurden untersucht und bewertet.<\/strong> Im Rahmen des Artikels 14 und des vorl\u00e4ufigen Artikels 1 der UVP-Verordnung hat unser Ministerium eine \u201epositive Umweltvertr\u00e4glichkeitspr\u00fcfung\u201c entschieden. \u201eEs wurde eine schriftliche Erkl\u00e4rung abgegeben, dass die im endg\u00fcltigen UVP-Bericht und seinen Anh\u00e4ngen des betreffenden Projekts festgelegten Punkte sowie die relevanten Bestimmungen der gem\u00e4\u00df dem Umweltgesetz Nr. 2872 in Kraft getretenen Vorschriften eingehalten werden sollten.\u201c<\/p>","protected":false},"excerpt":{"rendered":"<p>Amasra&#8217;n\u0131n \u00d6l\u00fcm\u00fc \u0130\u00e7in Geri Say\u0131m Ba\u015flad\u0131 Amasra\u2019da kurulmas\u0131 d\u00fc\u015f\u00fcn\u00fclen\u00a0termik santral i\u00e7in gerekli \u00c7ED raporlar\u0131, \u00c7evre ve \u015eehircilik Bakanl\u0131\u011f\u0131 taraf\u0131ndan onayland\u0131. Bart\u0131n \u00c7evre ve \u015eehircilik \u0130l M\u00fcd\u00fcrl\u00fc\u011f\u00fc, Amasra\u2019ya kurmay\u0131 planlad\u0131\u011f\u0131 termik santral i\u00e7in gereken k\u00fcl depolama sahas\u0131 ve dolgu alan\u0131 ve projesine ili\u015fkin \u00e7evresel etki de\u011ferlendirmesi (\u00c7ED) raporunun \u00c7evre ve \u015eehircilik Bakanl\u0131\u011f\u0131\u2019nca onayland\u0131\u011f\u0131n\u0131 a\u00e7\u0131klad\u0131. Bart\u0131n \u0130l [&hellip;]<\/p>\n","protected":false},"author":1,"featured_media":0,"comment_status":"open","ping_status":"open","sticky":false,"template":"","format":"standard","meta":{"footnotes":""},"categories":[89],"tags":[],"class_list":["post-12300","post","type-post","status-publish","format-standard","hentry","category-amasra-haberleri"],"_links":{"self":[{"href":"https:\/\/amasra.com.tr\/de\/wp-json\/wp\/v2\/posts\/12300","targetHints":{"allow":["GET"]}}],"collection":[{"href":"https:\/\/amasra.com.tr\/de\/wp-json\/wp\/v2\/posts"}],"about":[{"href":"https:\/\/amasra.com.tr\/de\/wp-json\/wp\/v2\/types\/post"}],"author":[{"embeddable":true,"href":"https:\/\/amasra.com.tr\/de\/wp-json\/wp\/v2\/users\/1"}],"replies":[{"embeddable":true,"href":"https:\/\/amasra.com.tr\/de\/wp-json\/wp\/v2\/comments?post=12300"}],"version-history":[{"count":0,"href":"https:\/\/amasra.com.tr\/de\/wp-json\/wp\/v2\/posts\/12300\/revisions"}],"wp:attachment":[{"href":"https:\/\/amasra.com.tr\/de\/wp-json\/wp\/v2\/media?parent=12300"}],"wp:term":[{"taxonomy":"category","embeddable":true,"href":"https:\/\/amasra.com.tr\/de\/wp-json\/wp\/v2\/categories?post=12300"},{"taxonomy":"post_tag","embeddable":true,"href":"https:\/\/amasra.com.tr\/de\/wp-json\/wp\/v2\/tags?post=12300"}],"curies":[{"name":"wp","href":"https:\/\/api.w.org\/{rel}","templated":true}]}}