{"id":12803,"date":"2018-07-06T11:57:15","date_gmt":"2018-07-06T08:57:15","guid":{"rendered":"http:\/\/amasra.com.tr\/?p=12803"},"modified":"2018-07-07T10:14:33","modified_gmt":"2018-07-07T07:14:33","slug":"haluk-levent-amasraya-geliyor","status":"publish","type":"post","link":"https:\/\/amasra.com.tr\/de\/haluk-levent-amasraya-geliyor\/","title":{"rendered":"Haluk Levent kommt nach Amasra"},"content":{"rendered":"<p>Am 11. Todestag von Bar\u0131\u015f Akarsu wird Haluk Levent ein Konzert in Amasra geben. Der Eintritt zum Konzert ist frei.<\/p>\n<p>Konzert:<strong> 7. Juli 2018\u2032<\/strong>Auch <strong>Wellenbrechergebiet Amasra<\/strong>wird stattfinden<\/p>\n<ul>\n<li><strong>Konzertzeit: <\/strong>21:30<\/li>\n<li><strong>Eintrittspreis:<\/strong> frei<\/li>\n<\/ul>\n<p><iframe loading=\"lazy\" src=\"https:\/\/www.youtube.com\/embed\/rUNDti6h8lY\" width=\"560\" height=\"315\" frameborder=\"0\" allowfullscreen=\"allowfullscreen\"><\/iframe><\/p>\n<ul>\n<li><a href=\"http:\/\/amasra.com.tr\/de\/wo-ist-baris-akarsu-begraben-html\/\">Wie erreichen Sie den Friedhof Bar\u0131\u015f Akarsu?<\/a><\/li>\n<li><a href=\"http:\/\/amasra.com.tr\/de\/9-todestag-von-baris-akarsu\/\">Das 9. Jahr, in dem wir Bar\u0131\u015f Akarsu verloren haben<\/a><\/li>\n<li><a href=\"http:\/\/amasra.com.tr\/de\/baris-akarsu-sarkilari\/\">Lieder vorgetragen von Bar\u0131\u015f Akarsu<\/a><\/li>\n<\/ul>\n<h2><span style=\"font-size: 14pt;\">\u0130zmir-Hymne und Elfida-Lied von Haluk Levent<\/span><\/h2>\n<p><iframe loading=\"lazy\" src=\"https:\/\/www.youtube.com\/embed\/FpvReFa_uXo\" width=\"560\" height=\"315\" frameborder=\"0\" allowfullscreen=\"allowfullscreen\"><\/iframe><\/p>","protected":false},"excerpt":{"rendered":"<p>Bar\u0131\u015f Akarsu&#8217;nun vefat\u0131n\u0131n 11. y\u0131l\u0131nda Haluk Levent Amasra&#8217;da konser verecektir. Konser giri\u015fi \u00fccretsizdir. Konser: 7 Temmuz 2018&#8242;de Amasra Mendirek b\u00f6lgesi&#8217;nde ger\u00e7ekle\u015fecek. Konser Saati: 21:30 Giri\u015f \u00dccreti: \u00fccretsiz Bar\u0131\u015f Akarsu Mezarl\u0131\u011f\u0131&#8217;na nas\u0131l ula\u015fabilirsiniz? Bar\u0131\u015f Akarsu&#8217;yu Kaybetti\u011fimiz 9. Y\u0131l Bar\u0131\u015f Akarsu&#8217;nun Seslendirdi\u011fi Par\u00e7alar Haluk Levent&#8217;in \u0130zmir Mar\u015f\u0131 ve Elfida Par\u00e7as\u0131<\/p>","protected":false},"author":402,"featured_media":12804,"comment_status":"open","ping_status":"open","sticky":false,"template":"","format":"standard","meta":{"footnotes":""},"categories":[89],"tags":[],"class_list":["post-12803","post","type-post","status-publish","format-standard","has-post-thumbnail","hentry","category-amasra-haberleri"],"_links":{"self":[{"href":"https:\/\/amasra.com.tr\/de\/wp-json\/wp\/v2\/posts\/12803","targetHints":{"allow":["GET"]}}],"collection":[{"href":"https:\/\/amasra.com.tr\/de\/wp-json\/wp\/v2\/posts"}],"about":[{"href":"https:\/\/amasra.com.tr\/de\/wp-json\/wp\/v2\/types\/post"}],"author":[{"embeddable":true,"href":"https:\/\/amasra.com.tr\/de\/wp-json\/wp\/v2\/users\/402"}],"replies":[{"embeddable":true,"href":"https:\/\/amasra.com.tr\/de\/wp-json\/wp\/v2\/comments?post=12803"}],"version-history":[{"count":0,"href":"https:\/\/amasra.com.tr\/de\/wp-json\/wp\/v2\/posts\/12803\/revisions"}],"wp:featuredmedia":[{"embeddable":true,"href":"https:\/\/amasra.com.tr\/de\/wp-json\/wp\/v2\/media\/12804"}],"wp:attachment":[{"href":"https:\/\/amasra.com.tr\/de\/wp-json\/wp\/v2\/media?parent=12803"}],"wp:term":[{"taxonomy":"category","embeddable":true,"href":"https:\/\/amasra.com.tr\/de\/wp-json\/wp\/v2\/categories?post=12803"},{"taxonomy":"post_tag","embeddable":true,"href":"https:\/\/amasra.com.tr\/de\/wp-json\/wp\/v2\/tags?post=12803"}],"curies":[{"name":"wp","href":"https:\/\/api.w.org\/{rel}","templated":true}]}}