{"id":14648,"date":"2018-12-29T02:20:37","date_gmt":"2018-12-28T23:20:37","guid":{"rendered":"http:\/\/amasra.com.tr\/?p=14648"},"modified":"2018-12-29T02:22:07","modified_gmt":"2018-12-28T23:22:07","slug":"bora-isikal-hat-seine-kandidatur-fur-das-burgermeisteramt-von-amasra-angekundigt","status":"publish","type":"post","link":"https:\/\/amasra.com.tr\/de\/bora-isikal-amasra-belediye-baskani-aday-adayligini-acikladi\/","title":{"rendered":"Bora I\u015f\u0131kal gab seine Kandidatur f\u00fcr das Amt des B\u00fcrgermeisters von Amasra bekannt"},"content":{"rendered":"<p>Bora I\u015f\u0131kal, Vorsitzender des CHP-Zentralbezirks von Amasra, gab bekannt, dass er bei den Kommunalwahlen f\u00fcr das Amasra-B\u00fcrgermeisteramt kandidiert.<\/p>\n<p><iframe loading=\"lazy\" src=\"https:\/\/www.youtube.com\/embed\/1HD-6liF5hI\" width=\"560\" height=\"315\" frameborder=\"0\" allowfullscreen=\"allowfullscreen\"><\/iframe><\/p>","protected":false},"excerpt":{"rendered":"<p>Bora I\u015f\u0131kal, Vorsitzender des CHP-Zentralbezirks von Amasra, gab bekannt, dass er bei den Kommunalwahlen f\u00fcr das Amasra-B\u00fcrgermeisteramt kandidiert.<\/p>","protected":false},"author":402,"featured_media":14647,"comment_status":"open","ping_status":"open","sticky":false,"template":"","format":"standard","meta":{"footnotes":""},"categories":[82,89],"tags":[36811],"class_list":["post-14648","post","type-post","status-publish","format-standard","has-post-thumbnail","hentry","category-haberler","category-amasra-haberleri","tag-2019-amasra-belediyesi-aday-adaylari"],"_links":{"self":[{"href":"https:\/\/amasra.com.tr\/de\/wp-json\/wp\/v2\/posts\/14648","targetHints":{"allow":["GET"]}}],"collection":[{"href":"https:\/\/amasra.com.tr\/de\/wp-json\/wp\/v2\/posts"}],"about":[{"href":"https:\/\/amasra.com.tr\/de\/wp-json\/wp\/v2\/types\/post"}],"author":[{"embeddable":true,"href":"https:\/\/amasra.com.tr\/de\/wp-json\/wp\/v2\/users\/402"}],"replies":[{"embeddable":true,"href":"https:\/\/amasra.com.tr\/de\/wp-json\/wp\/v2\/comments?post=14648"}],"version-history":[{"count":0,"href":"https:\/\/amasra.com.tr\/de\/wp-json\/wp\/v2\/posts\/14648\/revisions"}],"wp:featuredmedia":[{"embeddable":true,"href":"https:\/\/amasra.com.tr\/de\/wp-json\/wp\/v2\/media\/14647"}],"wp:attachment":[{"href":"https:\/\/amasra.com.tr\/de\/wp-json\/wp\/v2\/media?parent=14648"}],"wp:term":[{"taxonomy":"category","embeddable":true,"href":"https:\/\/amasra.com.tr\/de\/wp-json\/wp\/v2\/categories?post=14648"},{"taxonomy":"post_tag","embeddable":true,"href":"https:\/\/amasra.com.tr\/de\/wp-json\/wp\/v2\/tags?post=14648"}],"curies":[{"name":"wp","href":"https:\/\/api.w.org\/{rel}","templated":true}]}}