{"id":14997,"date":"2020-03-14T11:52:01","date_gmt":"2020-03-14T08:52:01","guid":{"rendered":"http:\/\/amasra.com.tr\/?p=14997"},"modified":"2025-02-24T14:54:31","modified_gmt":"2025-02-24T11:54:31","slug":"amasra-blacksea-auf-englisch","status":"publish","type":"post","link":"https:\/\/amasra.com.tr\/de\/amasra-blacksea-in-english\/","title":{"rendered":"Amasra T\u00fcrkei Stadt Stadtplan und Informationen (Schwarzes Meer) auf Englisch"},"content":{"rendered":"<ul>\n<li><span style=\"font-size: 14pt;\"><strong>Eine kurze Geschichte von Amasra<\/strong><\/span><\/li>\n<li><span style=\"font-size: 14pt;\"><strong>Was tun in welcher Jahreszeit?<\/strong><\/span><\/li>\n<li><span style=\"font-size: 14pt;\"><strong>Was kann man in Amasra essen und wo kann man essen?<\/strong><\/span><\/li>\n<li><span style=\"font-size: 14pt;\"><strong>Wo kann man in Amasra Sehensw\u00fcrdigkeiten besichtigen?<\/strong><\/span><\/li>\n<li><span style=\"font-size: 14pt;\"><strong>Was kaufen?<\/strong><\/span><\/li>\n<li><span style=\"font-size: 14pt;\"><strong>Wo schwimmen?<\/strong><\/span><\/li>\n<\/ul>\n<h3><span style=\"color: #993300; font-size: 18pt;\">Geschichte in 5 Minuten<\/span><\/h3>\n<figure id=\"attachment_2338\" aria-describedby=\"caption-attachment-2338\" style=\"width: 288px\" class=\"wp-caption alignright\"><img loading=\"lazy\" decoding=\"async\" class=\"wp-image-2338 size-full\" src=\"http:\/\/amasra.com.tr\/wp-content\/uploads\/2013\/06\/amasra-genel-foto-eski.jpg\" alt=\"\" width=\"288\" height=\"396\" srcset=\"https:\/\/amasra.com.tr\/wp-content\/uploads\/2013\/06\/amasra-genel-foto-eski.jpg 288w, https:\/\/amasra.com.tr\/wp-content\/uploads\/2013\/06\/amasra-genel-foto-eski-255x350.jpg 255w, https:\/\/amasra.com.tr\/wp-content\/uploads\/2013\/06\/amasra-genel-foto-eski-121x167.jpg 121w\" sizes=\"auto, (max-width: 288px) 100vw, 288px\" \/><figcaption id=\"caption-attachment-2338\" class=\"wp-caption-text\">Fotos vom alten Amasra (oben; ganze Stadt, unten am B\u00fcy\u00fck-Liman-Strand)<\/figcaption><\/figure>\n<p>Strabo glaubt, dass die Stadt Amasra, die in der Geschichte zun\u00e4chst als Sesamos-Stadt bekannt war, von den Gasgas gegr\u00fcndet wurde, einem Zweig der Skythen oder Amazonen, die die Hethiter vom westlichen Schwarzen Meer vertrieben.<\/p>\n<ul>\n<li><strong>Ph\u00f6nizier <\/strong>(12<sup>Th<\/sup>Jahrhundert v. Chr.) Die Ph\u00f6nizier, die eine wichtige Stellung im Seehandel innehatten, handelten in dieser Region mit wichtigen B\u00e4umen wie Buchsbaum, Kastanie und Walnuss.<\/li>\n<li><strong>ionisch<\/strong>(8<sup>Th<\/sup>Jahrhundert v. Chr.) Der Poseidon-Tempel, dessen Ruinen Sie in Boztepe sehen k\u00f6nnen, wurde in dieser Zeit erbaut.<\/li>\n<li><strong>Perser<\/strong>(2<sup>nd<\/sup>Jahrhundert v. Chr.) In dieser Zeit wurde die erste M\u00fcnze unter der Herrschaft von K\u00f6nigin Amastris ausgegeben. W\u00e4hrend auf der Vorderseite der M\u00fcnze der Gott Mithra erscheint, befindet sich auf der anderen Seite die Darstellung von Amastris.<\/li>\n<li><strong>R\u00f6mer und Byzantiner<\/strong>(Von 73 bis 70 v. Chr.) Dies sind die Zivilisationen, die Amasra den gr\u00f6\u00dften Teil des historischen und kulturellen Erbes hinterlassen haben. Bedesten, die Fatih-Moschee (Alte Kirche), die Kapelle, die Burg Amasra sowie die Kemere- und Kemerdere-Br\u00fccken wurden in dieser Zeit gebaut.<\/li>\n<li><strong>Genueser<\/strong>(13<sup>Th<\/sup>Jahrhundert) Die Genuesen errichteten zwischen dem 11. Jahrhundert Handelskolonien im Mittelmeer, im Schwarzen Meer, im Atlantischen Ozean und in Nordeuropa<sup>Th<\/sup>und 15<sup>Th<\/sup>Jahre. Amasra ist eine dieser Kolonien. Im Inneren der Burg sind noch die Takelage der genuesischen Familien und die Ruinen der Genua-Burg zu sehen.<\/li>\n<li><strong>Osmanen <\/strong>(15<sup>Th<\/sup>Jahrhundert) Da es in Amasra, das unter der F\u00fchrung von Mehmet dem Eroberer beschlagnahmt wurde, f\u00e4hige Seeleute und hochwertiges Holz gab, gewann die osmanische Marine eine gro\u00dfe Anzahl von Schiffen in Amasra.<\/li>\n<\/ul>\n<h3><span style=\"color: #993300; font-size: 18pt;\"><strong>Amasra das ganze Jahr \u00fcber<\/strong><\/span><\/h3>\n<p><span style=\"font-size: 14pt;\"><strong>im Sommer - <\/strong><strong><em>Juni Juli August<\/em><\/strong><\/span><\/p>\n<p><img loading=\"lazy\" decoding=\"async\" class=\"alignnone size-full wp-image-5632\" src=\"http:\/\/amasra.com.tr\/wp-content\/uploads\/2014\/02\/essiz-doga-deniz-amasra-comtr.jpg\" alt=\"\" width=\"290\" height=\"157\" srcset=\"https:\/\/amasra.com.tr\/wp-content\/uploads\/2014\/02\/essiz-doga-deniz-amasra-comtr.jpg 290w, https:\/\/amasra.com.tr\/wp-content\/uploads\/2014\/02\/essiz-doga-deniz-amasra-comtr-167x90.jpg 167w\" sizes=\"auto, (max-width: 290px) 100vw, 290px\" \/><\/p>\n<p>Die Badesaison beginnt nach dem 15. Juni<sup>Th<\/sup>. Sie k\u00f6nnen in Kucuk Liman schwimmen (<em>kleiner Hafen<\/em>) im Nordosten und im B\u00fcy\u00fck Liman (<em>Toller Hafen<\/em>) im S\u00fcdwesten. Nach Sonnenuntergang kann man an den Str\u00e4nden von Amasra Menschen beobachten, die sich unterhalten und Lieder singen. W\u00e4hrend der Sommersaison k\u00f6nnen Sie nach Sonnenuntergang im Garten des Amasra-Museums eine Lasershow sehen, bei der Sie und Ihre Kinder viel lernen und dabei Spa\u00df haben k\u00f6nnen. Im Rahmen der Aktivit\u00e4ten zum Tag der Seefahrt und der Kabotage k\u00f6nnen Sie am 1. an Schwimm-, Segelfisch- und Tauziehwettbewerben teilnehmen<sup>st<\/sup>Juli im Great Harbour-Gebiet.<\/p>\n<p><span style=\"font-size: 14pt;\"><strong>im Winter - <\/strong><strong><em>Dezember Januar Februar<\/em><\/strong><\/span><\/p>\n<figure id=\"attachment_1444\" aria-describedby=\"caption-attachment-1444\" style=\"width: 394px\" class=\"wp-caption alignnone\"><a href=\"http:\/\/amasra.com.tr\/wp-content\/uploads\/2013\/05\/amasra-kar-manzarasi.jpg\"><img loading=\"lazy\" decoding=\"async\" class=\"wp-image-1444\" src=\"http:\/\/amasra.com.tr\/wp-content\/uploads\/2013\/05\/amasra-kar-manzarasi.jpg\" alt=\"\" width=\"394\" height=\"241\" \/><\/a><figcaption id=\"caption-attachment-1444\" class=\"wp-caption-text\">Winterzeit in Amasra (wundersch\u00f6ne Schwarzmeerstadt am Meer, Bildnachweis: Kemal Onur Ozman)<\/figcaption><\/figure>\n<p>Die Winter in Amasra sind streng und hart. W\u00e4hrend es manchmal wei\u00df wird, fr\u00f6nt es manchmal dem S\u00fcdwestwind. Dies ist die Zeit, in der die Fischer ihren Lebensunterhalt mit dem Meer bestreiten. In diesen Monaten kann man den besten Fisch (Sardelle, St\u00f6cker, Wittling) essen. Man kann nicht genug von der Sch\u00f6nheit bekommen, die in diesen wilden Wellen verborgen ist!<\/p>\n<p><span style=\"font-size: 14pt;\"><strong>im Herbst - <\/strong><em>September Oktober November<\/em><\/span><\/p>\n<p>Sie k\u00f6nnen genie\u00dfen, wie sich die Stadt Amasra in dieser Zeit von den Gr\u00fcnt\u00f6nen in die Rot- und Gelbt\u00f6ne verwandelt. Dann beginnt ein unvergesslicher, romantischer Urlaub mit Wellenrauschen, frischem Fisch und Ruhe. In dieser Zeit, wenn die Fischer ins Meer zur\u00fcckkehren, sinkt der Fischpreis, w\u00e4hrend er schmackhafter wird.<\/p>\n<p>Seit der Zeit, als der genuesische Kommandant am 17. Oktober die Schl\u00fcssel von Amasra an Mehmet den Eroberer \u00fcbergab<sup>Th<\/sup>(1460) finden traditionell noch immer jedes Jahr die Feierlichkeiten zur Eroberung von Amasra statt.<\/p>\n<p><span style=\"font-size: 14pt;\"><strong>im Fr\u00fchling - <\/strong><em><strong>M\u00e4rz April Mai<\/strong> <\/em><\/span><\/p>\n<p>In den Blumen, die in der Schwarzmeerregion wachsen, k\u00f6nnen Sie alle Wei\u00df-, Rosa- und Gr\u00fcnt\u00f6ne entdecken. Vor dem Sommer k\u00f6nnen Sie zu dieser Jahreszeit den k\u00f6stlichsten Fisch und Salat essen. Vom Baris Akarsu Park aus k\u00f6nnen Sie die einzigartige Sch\u00f6nheit und Farbenpracht des Sonnenuntergangs entdecken. Auch die Kemerdere-Br\u00fccke, die wegen mangelnder Pflege bald abgerissen werden soll, kann im Fr\u00fchjahr besichtigt werden.<\/p>\n<p>&nbsp;<\/p>\n<h3><span style=\"color: #993300; font-size: 18pt;\">Wussten Sie davon?<\/span><\/h3>\n<p><strong>Das<\/strong> Amastris war die erste K\u00f6nigin (Perserk\u00f6nigin), die M\u00fcnzen in ihrem eigenen Namen ausgab.<\/p>\n<p><strong>Das<\/strong> Nach dem Glauben des Volkes von Amastra hatte Amastris einst ein privates Bad <strong>Mastfelsen,<\/strong><\/p>\n<p><strong>Das<\/strong> das Wort von\u00a0<strong>amastris <\/strong>gemeint <strong>starke Frau<\/strong>,<\/p>\n<p><strong>Das<\/strong> Das Salat al Eidain (Gebet w\u00e4hrend religi\u00f6ser Feste) und das Freitagsgebet werden seit der Eroberung von Amasra traditionell durch Ziehen des Schwertes in der Fatih-Moschee praktiziert.<\/p>\n<p><strong>Und<\/strong> dass die K\u00fcste, die Ankara (der Hauptstadt der T\u00fcrkei) am n\u00e4chsten liegt, Amasra ist?<\/p>\n<p>&nbsp;<\/p>\n<h3><span style=\"color: #993300; font-size: 18pt;\">Wer hat was \u00fcber Amasra gesagt?<\/span><\/h3>\n<p>Plinius beschrieb Amasra als \u201eelegant und sch\u00f6n\u201c, Niketas beschrieb es als \u201edas Auge der Welt\u201c, Genoese als \u201edas Schloss der Blumen\u201c und Diogenes als \u201eein Gleichgewicht\u201c, w\u00e4hrend Mehmed der Eroberer seine \u00dcberraschung \u00fcber Amasra mit den Worten ausdr\u00fcckte: diese Worte: \u201eOh mein Nachhilfelehrer! K\u00f6nnte dies das Auge der Welt sein?<\/p>\n<p>&nbsp;<\/p>\n<p><strong><span style=\"font-size: 18pt;\">Verlassen Sie Amasra nicht, ohne etwas zu haben<\/span><\/strong><\/p>\n<ul>\n<li>Tee oder Kaffee im Weeping Tree (Weeping Tree) Caf\u00e9 am Meer auf der anderen Seite der Kanincheninsel, w\u00e4hrend Sie gemeinsam die Natur und die Geschichte genie\u00dfen,<\/li>\n<li>ber\u00fchmt <strong>Coven-Brot<\/strong> (<em>Seifenkrautbrot<\/em>) in den Restaurants und vergessen Sie nicht, etwas f\u00fcr Ihre Lieben in der \u00f6ffentlichen B\u00e4ckerei zu kaufen,<\/li>\n<li><strong>Amasra Pita<\/strong> (<em>Pita mit Gem\u00fcse oder Hackfleisch darauf<\/em>) im Amasra Sofrasi Restaurant,<\/li>\n<li>Traditionelles t\u00fcrkisches Fr\u00fchst\u00fcck im Turkan Hanim&#039;in Yeri am Strand,<\/li>\n<li><strong>Saisonale Meeresfr\u00fcchte<\/strong> und einzigartigen Amasra-Salat im Canli Balik Restaurant (Mustafa Uncle&#039;s Yeri), wo traditionelle Kochmethoden verwendet werden,<\/li>\n<li>Wasserb\u00fcffeljoghurt mit Honig nach Fisch und Amasra-Salat,<\/li>\n<li>Muscheln bei Carlos,<\/li>\n<\/ul>\n<h3><span style=\"color: #993300; font-size: 18pt;\">Was kann man in Amasra kaufen?<br \/>\n<\/span><\/h3>\n<ul>\n<li>bekannter Buchsbaum <strong>L\u00f6ffel<\/strong> von Meister Cevat aus dem <span style=\"color: #3366ff;\"><strong><a style=\"color: #3366ff;\" href=\"https:\/\/goo.gl\/maps\/hefBoa2PHcfF3rcHA\" target=\"_blank\" rel=\"noopener\">Kuskayasi-Souvenirladen<\/a>\u00a0<\/strong><\/span>im historischen Cekiciler-Markt von Amasra,<\/li>\n<li>ber\u00fchmt<strong> Fischpfanne,<\/strong><\/li>\n<li>handgeschnitzt <strong>Obstschale<\/strong> und das <strong>Honigsch\u00f6pfer<\/strong> gemacht aus <strong>Amasras heimisches Holz.<\/strong><\/li>\n<\/ul>\n<h3><span style=\"color: #993300; font-size: 18pt;\">geh nicht ohne weg<\/span><\/h3>\n<ul>\n<li>Das sehen<span style=\"color: #3366ff;\"><strong> <a style=\"color: #3366ff;\" href=\"https:\/\/goo.gl\/maps\/qtdRrHkxVSwUyy3P7\" target=\"_blank\" rel=\"noopener\">Bedesten-Bereich<\/a> <\/strong><\/span>von Amasra mit dem Fahrrad oder zu Fu\u00df,<\/li>\n<li>Machen Sie ein Selfie vor dem <strong>Kanincheninsel<\/strong> und Meerblick von Amasra <a href=\"https:\/\/goo.gl\/maps\/tH8UwALz295Y9wnDA\" target=\"_blank\" rel=\"noopener\"><strong><span style=\"color: #3366ff;\">h\u00f6chster Punkt von Boztepe,<\/span><\/strong><\/a><\/li>\n<li>geht weiter a<span style=\"color: #3366ff;\"><a style=\"color: #3366ff;\" href=\"https:\/\/goo.gl\/maps\/a5nroReViv3QgkTB6\" target=\"_blank\" rel=\"noopener\"><strong> Amasra-Bootstour<\/strong><\/a><\/span> rund um die Amasra-Halbinsel,<\/li>\n<li>Beim Anblick des r\u00f6mischen Soldaten und Adlers am Kuskayasi Roadside Monument, das zu Ehren von Germanicus f\u00fcr die Staaten und die Freundschaft errichtet wurde,<\/li>\n<li>Tanzen und Spa\u00df haben im Laden von Ruhi Hoca, w\u00e4hrend Sie \u00fcber den historischen Cekiciler-Markt schlendern!<\/li>\n<\/ul>\n<h3><span style=\"color: #993300;\">Wo liegt Amasra und wie kommt man dorthin?<\/span><\/h3>\n<p>Amasra mit 7.000 Einwohnern und einer 3.000-j\u00e4hrigen Geschichte ist ein Bezirk der Provinz Bartin im westlichen Schwarzen Meer.<\/p>\n<h3><span style=\"color: #993300;\">Wie nah ist Amasra an anderen St\u00e4dten?<\/span><\/h3>\n<ul>\n<li>Von Ankara nach Amasra = 309 km<\/li>\n<li>Von Istanbul nach Amasra = 450 km<\/li>\n<li>Von Izmir nach Amasra = 805 km<\/li>\n<li>Von Eskisehir oder Bursa nach Amasra = 488 km<\/li>\n<li>Von Karabuk oder Zonguldak nach Amasra = 103 km<\/li>\n<li>Von Sinop nach Amasra=380 km<\/li>\n<li>Von Bartin nach Amasra=15 km<\/li>\n<\/ul>\n<p>&nbsp;<\/p>\n<h3><span style=\"color: #993300;\">Die n\u00e4chstgelegenen Flugh\u00e4fen zu Amasra\u00a0<\/span><\/h3>\n<ul>\n<li>Zonguldak (Bezirk Caycuma): 53 km<\/li>\n<li>Ankara (Esenboga): 326 km<\/li>\n<li>Istanbul Sabiha G\u00f6kcen: 423 km<\/li>\n<\/ul>\n<p>&nbsp;<\/p>\n<h3><span style=\"color: #993300;\">Sehensw\u00fcrdigkeiten rund um Amasra<\/span><\/h3>\n<p>Sie k\u00f6nnen die Buchten rund um Amasra erreichen, indem Sie einen Bus\/ein Auto bei der Somakli Tour Rental Company mieten.<\/p>\n<p><strong><em>Str\u00e4nde<\/em><\/strong><\/p>\n<ul>\n<li><strong><em>Bozkoy Beach (13 km. Ostk\u00fcste von Amasra)<\/em><\/strong><\/li>\n<\/ul>\n<p>Es ist ein unber\u00fchrter Strand mit goldenem Sand und \u00fcppiger Natur.<\/p>\n<ul>\n<li><strong><em>Strand von Inkumu (30 km. Westk\u00fcste von Amasra)<\/em><\/strong><\/li>\n<\/ul>\n<p>Es ist eine der l\u00e4ngsten K\u00fcstenlinien des westlichen Schwarzen Meeres und die Stadt verf\u00fcgt \u00fcber vielf\u00e4ltige Camping- und Unterkunftsm\u00f6glichkeiten.<\/p>\n<ul>\n<li><strong><em>Cakraz Beach (15 km. Ostk\u00fcste von Amasra)<\/em><\/strong><\/li>\n<\/ul>\n<p>Der Strand im Ferienort Cakraz steht mit seinen sozialen M\u00f6glichkeiten sowie seiner Sauberkeit und nat\u00fcrlichen Sch\u00f6nheit im Vordergrund.<\/p>\n<ul>\n<li><strong><em>Kurucasile (43 km. Ostk\u00fcste von Amasra)<\/em><\/strong><\/li>\n<\/ul>\n<p>Die Stadt auf der Ostseite von Amasra ist ber\u00fchmt f\u00fcr ihre Boots- und Yachtproduktion.<\/p>\n<ul>\n<li><strong><em>Guzelcehisar (35 km. Westk\u00fcste von Amasra)<\/em><\/strong><\/li>\n<\/ul>\n<p>Es ist eine K\u00fcstenstadt mit 3 Millionen Jahre alten Lavagesteinen.<\/p>\n<ul>\n<li><strong><em>Akkonak (19 km. Ostk\u00fcste von Amasra)<\/em><\/strong><\/li>\n<\/ul>\n<p>Es ist ein Naturwunder mit Campingpl\u00e4tzen.<\/p>\n<ul>\n<li><strong><em>Gideros Bay (58 km. Ostk\u00fcste von Amasra)<\/em><\/strong><\/li>\n<\/ul>\n<p>Es ist ein poolartiges Naturwunder.<\/p>\n<p><strong>\u00a0<\/strong><\/p>\n<p><span style=\"font-size: 14pt;\"><strong>Weitere sehenswerte Orte\/Str\u00e4nde:<\/strong><\/span><\/p>\n<ul>\n<li>Kizilkum, Mugada, Tekkeonu, Hatipler, Tarlaagzi, Felengit Bay, Kapisuyu und Gockun<\/li>\n<\/ul>\n<p><strong>\u00a0<\/strong><\/p>\n<p><span style=\"font-size: 14pt;\"><strong>Wasserf\u00e4lle in der N\u00e4he:<\/strong><\/span><\/p>\n<div id='gallery-1' class='gallery galleryid-14997 gallery-columns-3 gallery-size-thumbnail'><figure class='gallery-item'>\n\t\t\t<div class='gallery-icon landscape'>\n\t\t\t\t<a href=\"https:\/\/amasra.com.tr\/wp-content\/uploads\/2013\/05\/amasra-gergece-selalesi-5.jpg\"><img loading=\"lazy\" decoding=\"async\" width=\"167\" height=\"167\" src=\"https:\/\/amasra.com.tr\/wp-content\/uploads\/2013\/05\/amasra-gergece-selalesi-5-167x167.jpg\" class=\"attachment-thumbnail size-thumbnail\" alt=\"\" aria-describedby=\"gallery-1-14321\" srcset=\"https:\/\/amasra.com.tr\/wp-content\/uploads\/2013\/05\/amasra-gergece-selalesi-5-167x167.jpg 167w, https:\/\/amasra.com.tr\/wp-content\/uploads\/2013\/05\/amasra-gergece-selalesi-5-230x230.jpg 230w\" sizes=\"auto, (max-width: 167px) 100vw, 167px\" \/><\/a>\n\t\t\t<\/div>\n\t\t\t\t<figcaption class='wp-caption-text gallery-caption' id='gallery-1-14321'>\n\t\t\t\tGergece-Wasserfall, Amasra\n\t\t\t\t<\/figcaption><\/figure><figure class='gallery-item'>\n\t\t\t<div class='gallery-icon landscape'>\n\t\t\t\t<a href=\"https:\/\/amasra.com.tr\/wp-content\/uploads\/2013\/05\/amasra-gergece-selalesi-11.jpg\"><img loading=\"lazy\" decoding=\"async\" width=\"167\" height=\"167\" src=\"https:\/\/amasra.com.tr\/wp-content\/uploads\/2013\/05\/amasra-gergece-selalesi-11-167x167.jpg\" class=\"attachment-thumbnail size-thumbnail\" alt=\"\" srcset=\"https:\/\/amasra.com.tr\/wp-content\/uploads\/2013\/05\/amasra-gergece-selalesi-11-167x167.jpg 167w, https:\/\/amasra.com.tr\/wp-content\/uploads\/2013\/05\/amasra-gergece-selalesi-11-230x230.jpg 230w\" sizes=\"auto, (max-width: 167px) 100vw, 167px\" \/><\/a>\n\t\t\t<\/div><\/figure><figure class='gallery-item'>\n\t\t\t<div class='gallery-icon portrait'>\n\t\t\t\t<a href=\"https:\/\/amasra.com.tr\/wp-content\/uploads\/2013\/05\/amasra-gergece-selalesi-10.jpg\"><img loading=\"lazy\" decoding=\"async\" width=\"167\" height=\"167\" src=\"https:\/\/amasra.com.tr\/wp-content\/uploads\/2013\/05\/amasra-gergece-selalesi-10-167x167.jpg\" class=\"attachment-thumbnail size-thumbnail\" alt=\"\" srcset=\"https:\/\/amasra.com.tr\/wp-content\/uploads\/2013\/05\/amasra-gergece-selalesi-10-167x167.jpg 167w, https:\/\/amasra.com.tr\/wp-content\/uploads\/2013\/05\/amasra-gergece-selalesi-10-230x230.jpg 230w\" sizes=\"auto, (max-width: 167px) 100vw, 167px\" \/><\/a>\n\t\t\t<\/div><\/figure>\n\t\t<\/div>\n\n<ul>\n<li>Gergece-Wasserfall (18 km)<\/li>\n<li>Golderesi-Wasserfall (28 km)<\/li>\n<li>Ulukaya-Wasserfall (69 km)<\/li>\n<li>Ilica-Wasserfall (119 km)<\/li>\n<\/ul>\n<p><span style=\"font-size: 14pt;\"><strong>Nahegelegene Sommerweiden:<\/strong><\/span><\/p>\n<figure id=\"attachment_2162\" aria-describedby=\"caption-attachment-2162\" style=\"width: 255px\" class=\"wp-caption alignnone\"><a href=\"http:\/\/amasra.com.tr\/wp-content\/uploads\/2013\/06\/ardic-yaylasi-amasra-bartin-ulus.jpg\"><img loading=\"lazy\" decoding=\"async\" class=\"wp-image-2162\" src=\"http:\/\/amasra.com.tr\/wp-content\/uploads\/2013\/06\/ardic-yaylasi-amasra-bartin-ulus.jpg\" alt=\"\" width=\"255\" height=\"174\" srcset=\"https:\/\/amasra.com.tr\/wp-content\/uploads\/2013\/06\/ardic-yaylasi-amasra-bartin-ulus.jpg 592w, https:\/\/amasra.com.tr\/wp-content\/uploads\/2013\/06\/ardic-yaylasi-amasra-bartin-ulus-350x239.jpg 350w, https:\/\/amasra.com.tr\/wp-content\/uploads\/2013\/06\/ardic-yaylasi-amasra-bartin-ulus-167x114.jpg 167w\" sizes=\"auto, (max-width: 255px) 100vw, 255px\" \/><\/a><figcaption id=\"caption-attachment-2162\" class=\"wp-caption-text\">Bartin Amasra Ulus Ardic Plateau<\/figcaption><\/figure>\n<ul>\n<li>Uluyayla (72 km)<\/li>\n<li>Ardic-Weide (65 km)<\/li>\n<li>Gezen-Weide (73 km)<\/li>\n<\/ul>\n<p>&nbsp;<\/p>\n<p><strong><em>Amasra <\/em><\/strong><strong><em>Leuchtturm<\/em><\/strong><strong><em>: <\/em><\/strong>Der Leuchtturm Amasra, einer der \u00e4ltesten Leuchtt\u00fcrme in der Schwarzmeerregion, wurde 1863 von den Franzosen erbaut. Er blinkt <strong>77 Meter \u00fcber der Insel Boztepe<\/strong>das verhindert, dass die Wellen und Winde des Schwarzen Meeres Amasra erreichen. Das beim Einstellen der Laterne mit Uhrwerk nach oben gehobene Gewicht erm\u00f6glicht es dem Lampenkristall, sich beim Absenken zu drehen.<\/p>\n<p>&nbsp;<\/p>\n<p>Auf der Kanincheninsel gibt es \u00dcberreste einer Kirche und in die Felsen gehauene Treppen. Es ist bekannt, dass hier der orthodoxe Patriarch Kyros lebte. Die Kaninchen, die in den 1960er Jahren auf die Insel gebracht und in kurzer Zeit an die Insel angepasst wurden, sind immer noch auf der Insel und Sie k\u00f6nnen einen Blick auf sie erhaschen, w\u00e4hrend Sie auf Bootstouren oder durch ein Fernglas von Boztepe aus unterwegs sind.<\/p>\n<p>&nbsp;<\/p>\n<p>Die Franzosen, die den Bau des Piers in der osmanischen Zeit im Austausch f\u00fcr den Betrieb der Kohlengruben \u00fcbernahmen, vollendeten den Bau unter Verwendung der abgetrennten Steine, die von den Ruinen der Burgmauern \u00fcbrig geblieben waren. Die Burgmauern sind noch heute in der alten Hafenmole zu sehen.<\/p>\n<p>&nbsp;<\/p>\n<p><strong><em>Amasra-Museum: <\/em><\/strong><em>Das Geb\u00e4ude, das 1 als Maritime Berufsschule erbaut wurde<\/em><em>884, wurde 1976 als Museum genutzt. Amasra Museum, das einige Werke von enth\u00e4lt <strong>Hellenistisch, r\u00f6misch, byzantinisch, genuesisch und osmanisch <\/strong>wurde durch Videovisualisierungen und die versunkene Schiffshalle, die nach der Restaurierung im Jahr 2017 erstellt wurde, zu einem Bildungs- und Unterhaltungsort.<\/em><\/p>\n<p>&nbsp;<\/p>\n<p><strong><em>Schloss Amasra: <\/em><\/strong><em>Es ist bekannt, dass insbesondere w\u00e4hrend der genuesischen Zeit einige Reparaturen und Verbesserungen an der Burg Amasra vorgenommen wurden, die w\u00e4hrend der byzantinischen Zeit erbaut wurde. Das Schloss besteht aus zwei Hauptmassiven. Eine davon ist die Burg Sormagir in Boztepe und die andere die Burg Zindan auf der Nordostseite. Die Burg Amasra steht auf der vorl\u00e4ufigen UNESCO-Liste des Weltkulturerbes unter dem Titel \u201eHandelsposten und Festungen auf genuesischen Handelsrouten vom Mittelmeer bis zum Schwarzen Meer\u201c.<\/em><\/p>\n<p><strong><em>\u00a0<\/em><\/strong><\/p>\n<p><strong><em>Antikes Theater:<\/em><\/strong><em>Es wird gesch\u00e4tzt, dass das antike Theater, das vermutlich in der R\u00f6merzeit erbaut wurde, eine Kapazit\u00e4t f\u00fcr 5000 Personen hat. Heute ist nur noch die Eingangst\u00fcr des Theaters sichtbar.<\/em><\/p>\n<p><em>\u00a0<\/em><\/p>\n<p><strong><em>Bedesten (Landesversammlung)<\/em><\/strong><em>): Die Au\u00dfenma\u00dfe von 45 x 118 Metern dieses Bauwerks, das vermutlich im sp\u00e4ten 1. Jahrhundert n. Chr. erbaut wurde, weisen darauf hin, dass dieses Bauwerk als Palast der Staatsversammlung genutzt wurde. Danach wurde dieses Gebiet Bedesten genannt, da es gewerblich genutzt wurde.<\/em><\/p>\n<p><em>\u00a0<\/em><\/p>\n<p><strong><em>Das erste Kohlebergwerk in Amasra<\/em><\/strong><em>wurde 1843 er\u00f6ffnet. Auch heute noch werden Kohlegewinnungsprozesse durchgef\u00fchrt. Fortschritt.<\/em><\/p>\n<p><em>\u00a0<\/em><strong><em>\u00a0<\/em><\/strong><\/p>\n<h2><span style=\"color: #993300;\"><strong>Sehensw\u00fcrdigkeiten<\/strong><\/span><\/h2>\n<p><strong><em>Kleiner Hafen<\/em><\/strong><strong><em>(Alter Hafen)<\/em><\/strong><\/p>\n<p>Es ist das Gebiet, in dem sich der antike Hafen aus der R\u00f6merzeit befindet. Heute sind die Ruinen des alten Hafens einigerma\u00dfen sichtbar. Dar\u00fcber hinaus wurde dieses Gebiet im Ersten Weltkrieg als Flughafen genutzt.<\/p>\n<p><strong><em>S\u00e4ulenfelsen (Alter Leuchtturm)<\/em><\/strong><\/p>\n<div id='gallery-2' class='gallery galleryid-14997 gallery-columns-3 gallery-size-thumbnail'><figure class='gallery-item'>\n\t\t\t<div class='gallery-icon landscape'>\n\t\t\t\t<a href=\"https:\/\/amasra.com.tr\/wp-content\/uploads\/2014\/01\/amasra-direkli-kaya-2.jpg\"><img loading=\"lazy\" decoding=\"async\" width=\"167\" height=\"167\" src=\"https:\/\/amasra.com.tr\/wp-content\/uploads\/2014\/01\/amasra-direkli-kaya-2-167x167.jpg\" class=\"attachment-thumbnail size-thumbnail\" alt=\"\" srcset=\"https:\/\/amasra.com.tr\/wp-content\/uploads\/2014\/01\/amasra-direkli-kaya-2-167x167.jpg 167w, https:\/\/amasra.com.tr\/wp-content\/uploads\/2014\/01\/amasra-direkli-kaya-2-230x230.jpg 230w, https:\/\/amasra.com.tr\/wp-content\/uploads\/2014\/01\/amasra-direkli-kaya-2-50x50.jpg 50w\" sizes=\"auto, (max-width: 167px) 100vw, 167px\" \/><\/a>\n\t\t\t<\/div><\/figure><figure class='gallery-item'>\n\t\t\t<div class='gallery-icon landscape'>\n\t\t\t\t<a href=\"https:\/\/amasra.com.tr\/wp-content\/uploads\/2017\/06\/D6F_Amasra-direkli-kaya2.jpg\"><img loading=\"lazy\" decoding=\"async\" width=\"167\" height=\"167\" src=\"https:\/\/amasra.com.tr\/wp-content\/uploads\/2017\/06\/D6F_Amasra-direkli-kaya2-167x167.jpg\" class=\"attachment-thumbnail size-thumbnail\" alt=\"\" srcset=\"https:\/\/amasra.com.tr\/wp-content\/uploads\/2017\/06\/D6F_Amasra-direkli-kaya2-167x167.jpg 167w, https:\/\/amasra.com.tr\/wp-content\/uploads\/2017\/06\/D6F_Amasra-direkli-kaya2-230x230.jpg 230w, https:\/\/amasra.com.tr\/wp-content\/uploads\/2017\/06\/D6F_Amasra-direkli-kaya2-50x50.jpg 50w\" sizes=\"auto, (max-width: 167px) 100vw, 167px\" \/><\/a>\n\t\t\t<\/div><\/figure><figure class='gallery-item'>\n\t\t\t<div class='gallery-icon landscape'>\n\t\t\t\t<a href=\"https:\/\/amasra.com.tr\/wp-content\/uploads\/2013\/06\/amasra-direkli-eski-gorunum.jpg\"><img loading=\"lazy\" decoding=\"async\" width=\"167\" height=\"167\" src=\"https:\/\/amasra.com.tr\/wp-content\/uploads\/2013\/06\/amasra-direkli-eski-gorunum-167x167.jpg\" class=\"attachment-thumbnail size-thumbnail\" alt=\"\" srcset=\"https:\/\/amasra.com.tr\/wp-content\/uploads\/2013\/06\/amasra-direkli-eski-gorunum-167x167.jpg 167w, https:\/\/amasra.com.tr\/wp-content\/uploads\/2013\/06\/amasra-direkli-eski-gorunum-230x230.jpg 230w, https:\/\/amasra.com.tr\/wp-content\/uploads\/2013\/06\/amasra-direkli-eski-gorunum-50x50.jpg 50w\" sizes=\"auto, (max-width: 167px) 100vw, 167px\" \/><\/a>\n\t\t\t<\/div><\/figure>\n\t\t<\/div>\n\n<p>Man sch\u00e4tzt, dass das 7 m hohe Bauwerk, das auf einem Felsen 20 m vom Kucuk Liman (alten Hafen) errichtet wurde, zu einem Leuchtturm oder einem Aussichtsturm \u00fcber dem Hafen geh\u00f6rt.<\/p>\n<p><strong><em>Kapelle (Kleine Kirche)<\/em><\/strong><\/p>\n<div id='gallery-3' class='gallery galleryid-14997 gallery-columns-3 gallery-size-thumbnail'><figure class='gallery-item'>\n\t\t\t<div class='gallery-icon landscape'>\n\t\t\t\t<a href=\"https:\/\/amasra.com.tr\/wp-content\/uploads\/2016\/08\/fatih-camisi-amasra-fotograflari.jpg\"><img loading=\"lazy\" decoding=\"async\" width=\"167\" height=\"167\" src=\"https:\/\/amasra.com.tr\/wp-content\/uploads\/2016\/08\/fatih-camisi-amasra-fotograflari-167x167.jpg\" class=\"attachment-thumbnail size-thumbnail\" alt=\"\" aria-describedby=\"gallery-3-12170\" srcset=\"https:\/\/amasra.com.tr\/wp-content\/uploads\/2016\/08\/fatih-camisi-amasra-fotograflari-167x167.jpg 167w, https:\/\/amasra.com.tr\/wp-content\/uploads\/2016\/08\/fatih-camisi-amasra-fotograflari-230x230.jpg 230w, https:\/\/amasra.com.tr\/wp-content\/uploads\/2016\/08\/fatih-camisi-amasra-fotograflari-50x50.jpg 50w\" sizes=\"auto, (max-width: 167px) 100vw, 167px\" \/><\/a>\n\t\t\t<\/div>\n\t\t\t\t<figcaption class='wp-caption-text gallery-caption' id='gallery-3-12170'>\n\t\t\t\tGesamtansicht \u2013 Fatih-Moschee (Alte Kirche)\n\t\t\t\t<\/figcaption><\/figure><figure class='gallery-item'>\n\t\t\t<div class='gallery-icon landscape'>\n\t\t\t\t<a href=\"https:\/\/amasra.com.tr\/wp-content\/uploads\/2016\/08\/amasra-k\u00fc\u00e7\u00fck-kilise-chapel-4.jpg\"><img loading=\"lazy\" decoding=\"async\" width=\"167\" height=\"167\" src=\"https:\/\/amasra.com.tr\/wp-content\/uploads\/2016\/08\/amasra-k\u00fc\u00e7\u00fck-kilise-chapel-4-167x167.jpg\" class=\"attachment-thumbnail size-thumbnail\" alt=\"\" aria-describedby=\"gallery-3-12163\" srcset=\"https:\/\/amasra.com.tr\/wp-content\/uploads\/2016\/08\/amasra-k\u00fc\u00e7\u00fck-kilise-chapel-4-167x167.jpg 167w, https:\/\/amasra.com.tr\/wp-content\/uploads\/2016\/08\/amasra-k\u00fc\u00e7\u00fck-kilise-chapel-4-230x230.jpg 230w, https:\/\/amasra.com.tr\/wp-content\/uploads\/2016\/08\/amasra-k\u00fc\u00e7\u00fck-kilise-chapel-4-50x50.jpg 50w\" sizes=\"auto, (max-width: 167px) 100vw, 167px\" \/><\/a>\n\t\t\t<\/div>\n\t\t\t\t<figcaption class='wp-caption-text gallery-caption' id='gallery-3-12163'>\n\t\t\t\tKleine Kirche (Bucks)\n\t\t\t\t<\/figcaption><\/figure><figure class='gallery-item'>\n\t\t\t<div class='gallery-icon portrait'>\n\t\t\t\t<a href=\"https:\/\/amasra.com.tr\/wp-content\/uploads\/2013\/01\/amasra-kar-fotograflari-kemal-onur-ozman-41.jpg\"><img loading=\"lazy\" decoding=\"async\" width=\"167\" height=\"167\" src=\"https:\/\/amasra.com.tr\/wp-content\/uploads\/2013\/01\/amasra-kar-fotograflari-kemal-onur-ozman-41-167x167.jpg\" class=\"attachment-thumbnail size-thumbnail\" alt=\"\" srcset=\"https:\/\/amasra.com.tr\/wp-content\/uploads\/2013\/01\/amasra-kar-fotograflari-kemal-onur-ozman-41-167x167.jpg 167w, https:\/\/amasra.com.tr\/wp-content\/uploads\/2013\/01\/amasra-kar-fotograflari-kemal-onur-ozman-41-230x230.jpg 230w, https:\/\/amasra.com.tr\/wp-content\/uploads\/2013\/01\/amasra-kar-fotograflari-kemal-onur-ozman-41-50x50.jpg 50w\" sizes=\"auto, (max-width: 167px) 100vw, 167px\" \/><\/a>\n\t\t\t<\/div><\/figure>\n\t\t<\/div>\n\n<p>Besondere Muster wurden auf den Fenstersimsen der Kapelle verwendet, die im 9. Jahrhundert in der inneren Burg errichtet wurde<sup>Th<\/sup>Durch die Verwendung eines Ziegel-Stein-Netz-Systems werden auf dem Ambon-Gew\u00f6lbe Erinnerungen an die Szene \u201eDie Himmelfahrt des Propheten zur Brust\u201c dargestellt.<\/p>\n<p>Die Kapelle wurde nach der Restaurierung im Jahr 2002 durch das Amasra-Museum als Kulturhaus in Betrieb genommen.<\/p>\n<p><strong><em>Genua-Burg und Rigs<\/em><\/strong><\/p>\n<p>Es ist ersichtlich, dass die Genuesen (Italiener), die gute Beziehungen zum Osmanischen Reich hatten und die Burg Amasra \u00fcbernahmen, viele Spuren der genuesischen Bohrinseln in der Burg Amsra hinterlie\u00dfen.<\/p>\n<p><strong><em>Fatih-Moschee (Alte Kirche)<\/em><\/strong><\/p>\n<div id='gallery-4' class='gallery galleryid-14997 gallery-columns-3 gallery-size-thumbnail'><figure class='gallery-item'>\n\t\t\t<div class='gallery-icon portrait'>\n\t\t\t\t<a href=\"https:\/\/amasra.com.tr\/wp-content\/uploads\/2016\/08\/amasra-fatih-camisi-3.jpg\"><img loading=\"lazy\" decoding=\"async\" width=\"167\" height=\"167\" src=\"https:\/\/amasra.com.tr\/wp-content\/uploads\/2016\/08\/amasra-fatih-camisi-3-167x167.jpg\" class=\"attachment-thumbnail size-thumbnail\" alt=\"\" aria-describedby=\"gallery-4-12169\" srcset=\"https:\/\/amasra.com.tr\/wp-content\/uploads\/2016\/08\/amasra-fatih-camisi-3-167x167.jpg 167w, https:\/\/amasra.com.tr\/wp-content\/uploads\/2016\/08\/amasra-fatih-camisi-3-230x230.jpg 230w, https:\/\/amasra.com.tr\/wp-content\/uploads\/2016\/08\/amasra-fatih-camisi-3-50x50.jpg 50w\" sizes=\"auto, (max-width: 167px) 100vw, 167px\" \/><\/a>\n\t\t\t<\/div>\n\t\t\t\t<figcaption class='wp-caption-text gallery-caption' id='gallery-4-12169'>\n\t\t\t\tFatih-Moschee \u2013 Amasra\n\t\t\t\t<\/figcaption><\/figure><figure class='gallery-item'>\n\t\t\t<div class='gallery-icon landscape'>\n\t\t\t\t<a href=\"https:\/\/amasra.com.tr\/wp-content\/uploads\/2013\/01\/amasra-kar-fotograflari-kemal-onur-ozman-46.jpg\"><img loading=\"lazy\" decoding=\"async\" width=\"167\" height=\"167\" src=\"https:\/\/amasra.com.tr\/wp-content\/uploads\/2013\/01\/amasra-kar-fotograflari-kemal-onur-ozman-46-167x167.jpg\" class=\"attachment-thumbnail size-thumbnail\" alt=\"\" srcset=\"https:\/\/amasra.com.tr\/wp-content\/uploads\/2013\/01\/amasra-kar-fotograflari-kemal-onur-ozman-46-167x167.jpg 167w, https:\/\/amasra.com.tr\/wp-content\/uploads\/2013\/01\/amasra-kar-fotograflari-kemal-onur-ozman-46-230x230.jpg 230w, https:\/\/amasra.com.tr\/wp-content\/uploads\/2013\/01\/amasra-kar-fotograflari-kemal-onur-ozman-46-50x50.jpg 50w\" sizes=\"auto, (max-width: 167px) 100vw, 167px\" \/><\/a>\n\t\t\t<\/div><\/figure><figure class='gallery-item'>\n\t\t\t<div class='gallery-icon landscape'>\n\t\t\t\t<a href=\"https:\/\/amasra.com.tr\/wp-content\/uploads\/2017\/06\/amasra-fatih-camisi.jpg\"><img loading=\"lazy\" decoding=\"async\" width=\"167\" height=\"167\" src=\"https:\/\/amasra.com.tr\/wp-content\/uploads\/2017\/06\/amasra-fatih-camisi-167x167.jpg\" class=\"attachment-thumbnail size-thumbnail\" alt=\"\" srcset=\"https:\/\/amasra.com.tr\/wp-content\/uploads\/2017\/06\/amasra-fatih-camisi-167x167.jpg 167w, https:\/\/amasra.com.tr\/wp-content\/uploads\/2017\/06\/amasra-fatih-camisi-230x230.jpg 230w\" sizes=\"auto, (max-width: 167px) 100vw, 167px\" \/><\/a>\n\t\t\t<\/div><\/figure>\n\t\t<\/div>\n\n<p>Der Kirchenbau aus dem 9<sup>Th<\/sup>Jahrhundert wurde kurz nach der osmanischen Eroberung von Amasra in eine Moschee umgewandelt.<\/p>\n<p>Da bei der Eroberung kein Blut vergossen wurde, werden die Predigten in der Fatih-Moschee traditionell mit dem Ziehen des Schwertes gehalten.<\/p>\n<p><strong>Kemerdere-Br\u00fccke<\/strong><\/p>\n<p>Die Br\u00fccke mit einer L\u00e4nge von 8 Metern und einer H\u00f6he von 5 Metern wurde vermutlich in der R\u00f6merzeit erbaut und als Wasserdurchgang genutzt.<\/p>\n<div id='gallery-5' class='gallery galleryid-14997 gallery-columns-3 gallery-size-thumbnail'><figure class='gallery-item'>\n\t\t\t<div class='gallery-icon portrait'>\n\t\t\t\t<a href=\"https:\/\/amasra.com.tr\/wp-content\/uploads\/2018\/06\/amasra-kemerderesi-kopru-2.jpg\"><img loading=\"lazy\" decoding=\"async\" width=\"167\" height=\"167\" src=\"https:\/\/amasra.com.tr\/wp-content\/uploads\/2018\/06\/amasra-kemerderesi-kopru-2-167x167.jpg\" class=\"attachment-thumbnail size-thumbnail\" alt=\"\" srcset=\"https:\/\/amasra.com.tr\/wp-content\/uploads\/2018\/06\/amasra-kemerderesi-kopru-2-167x167.jpg 167w, https:\/\/amasra.com.tr\/wp-content\/uploads\/2018\/06\/amasra-kemerderesi-kopru-2-230x230.jpg 230w\" sizes=\"auto, (max-width: 167px) 100vw, 167px\" \/><\/a>\n\t\t\t<\/div><\/figure><figure class='gallery-item'>\n\t\t\t<div class='gallery-icon portrait'>\n\t\t\t\t<a href=\"https:\/\/amasra.com.tr\/wp-content\/uploads\/2018\/06\/amasra-kemerderesi-koprusu-12.jpg\"><img loading=\"lazy\" decoding=\"async\" width=\"167\" height=\"167\" src=\"https:\/\/amasra.com.tr\/wp-content\/uploads\/2018\/06\/amasra-kemerderesi-koprusu-12-167x167.jpg\" class=\"attachment-thumbnail size-thumbnail\" alt=\"\" srcset=\"https:\/\/amasra.com.tr\/wp-content\/uploads\/2018\/06\/amasra-kemerderesi-koprusu-12-167x167.jpg 167w, https:\/\/amasra.com.tr\/wp-content\/uploads\/2018\/06\/amasra-kemerderesi-koprusu-12-230x230.jpg 230w\" sizes=\"auto, (max-width: 167px) 100vw, 167px\" \/><\/a>\n\t\t\t<\/div><\/figure><figure class='gallery-item'>\n\t\t\t<div class='gallery-icon landscape'>\n\t\t\t\t<a href=\"https:\/\/amasra.com.tr\/wp-content\/uploads\/2018\/06\/amasra-kemerderesi-kopru-8.jpg\"><img loading=\"lazy\" decoding=\"async\" width=\"167\" height=\"167\" src=\"https:\/\/amasra.com.tr\/wp-content\/uploads\/2018\/06\/amasra-kemerderesi-kopru-8-167x167.jpg\" class=\"attachment-thumbnail size-thumbnail\" alt=\"\" srcset=\"https:\/\/amasra.com.tr\/wp-content\/uploads\/2018\/06\/amasra-kemerderesi-kopru-8-167x167.jpg 167w, https:\/\/amasra.com.tr\/wp-content\/uploads\/2018\/06\/amasra-kemerderesi-kopru-8-230x230.jpg 230w\" sizes=\"auto, (max-width: 167px) 100vw, 167px\" \/><\/a>\n\t\t\t<\/div><\/figure>\n\t\t<\/div>\n\n<p><strong>Kemer-Br\u00fccke<\/strong><\/p>\n<p>Es ist die r\u00f6mische Br\u00fccke, die die Insel Zindan und Amasra verbindet. Obwohl es zu verschiedenen Zeiten restauriert wurde, steht es immer noch fest. Diese Br\u00fccke, unter der sich bis Anfang der 2000er Jahre die Bootsfertigungs-\/Reparaturst\u00e4tten befanden, wurde ge\u00f6ffnet, um den Wasserfluss zum Hafengebiet von Kucuk zu gew\u00e4hrleisten.<\/p>\n<p>&nbsp;<\/p>\n<p><strong>Kuskayasi-Stra\u00dfendenkmal<\/strong><\/p>\n<p>Es handelt sich um die Figuren eines Adlers und eines r\u00f6mischen Soldaten, die zur Zeit des r\u00f6mischen Kaisers Tiberius Claudius Cermanicus (MS41-54) in den Fels gehauen wurden. Das Denkmal liegt 5 km von Amasra entfernt, an einem historischen Wanderweg und an der alten Bartin-Stra\u00dfe.<\/p>\n<div id='gallery-6' class='gallery galleryid-14997 gallery-columns-3 gallery-size-thumbnail'><figure class='gallery-item'>\n\t\t\t<div class='gallery-icon portrait'>\n\t\t\t\t<a href=\"https:\/\/amasra.com.tr\/wp-content\/uploads\/2014\/12\/amasra-kuskayasi-yol-aniyi.jpg\"><img loading=\"lazy\" decoding=\"async\" width=\"167\" height=\"167\" src=\"https:\/\/amasra.com.tr\/wp-content\/uploads\/2014\/12\/amasra-kuskayasi-yol-aniyi-167x167.jpg\" class=\"attachment-thumbnail size-thumbnail\" alt=\"\" aria-describedby=\"gallery-6-10262\" srcset=\"https:\/\/amasra.com.tr\/wp-content\/uploads\/2014\/12\/amasra-kuskayasi-yol-aniyi-167x167.jpg 167w, https:\/\/amasra.com.tr\/wp-content\/uploads\/2014\/12\/amasra-kuskayasi-yol-aniyi-230x230.jpg 230w, https:\/\/amasra.com.tr\/wp-content\/uploads\/2014\/12\/amasra-kuskayasi-yol-aniyi-50x50.jpg 50w\" sizes=\"auto, (max-width: 167px) 100vw, 167px\" \/><\/a>\n\t\t\t<\/div>\n\t\t\t\t<figcaption class='wp-caption-text gallery-caption' id='gallery-6-10262'>\n\t\t\t\tKu\u015fkayas\u0131-Stra\u00dfendenkmal an der alten Stra\u00dfe Amasra-Bart\u0131n\n\t\t\t\t<\/figcaption><\/figure><figure class='gallery-item'>\n\t\t\t<div class='gallery-icon portrait'>\n\t\t\t\t<a href=\"https:\/\/amasra.com.tr\/wp-content\/uploads\/2016\/08\/amasra-kuskayasi-yol-aniti.jpg\"><img loading=\"lazy\" decoding=\"async\" width=\"167\" height=\"167\" src=\"https:\/\/amasra.com.tr\/wp-content\/uploads\/2016\/08\/amasra-kuskayasi-yol-aniti-167x167.jpg\" class=\"attachment-thumbnail size-thumbnail\" alt=\"\" srcset=\"https:\/\/amasra.com.tr\/wp-content\/uploads\/2016\/08\/amasra-kuskayasi-yol-aniti-167x167.jpg 167w, https:\/\/amasra.com.tr\/wp-content\/uploads\/2016\/08\/amasra-kuskayasi-yol-aniti-230x230.jpg 230w, https:\/\/amasra.com.tr\/wp-content\/uploads\/2016\/08\/amasra-kuskayasi-yol-aniti-50x50.jpg 50w\" sizes=\"auto, (max-width: 167px) 100vw, 167px\" \/><\/a>\n\t\t\t<\/div><\/figure>\n\t\t<\/div>\n\n<p><strong>Frauenmarkt (Galla)<\/strong><\/p>\n<p>&nbsp;<\/p>\n<p>Es ist der Marktplatz, auf dem Frauen seit 200 Jahren traditionell frisches Gem\u00fcse und Obst, hausgemachten K\u00e4se und Marmeladen verkaufen. Sie k\u00f6nnen es das ganze Jahr \u00fcber jeden Dienstag und Freitag besuchen.<\/p>\n<p><strong>\u00a0<\/strong><\/p>\n<p><strong><em><span style=\"font-size: 14pt;\">Historisch bedeutende Orte in Amasra<\/span><br \/>\n<\/em><\/strong><\/p>\n<ol>\n<li>Amasra-Museum<\/li>\n<li>Kleiner Hafen (alter Hafen)<\/li>\n<li>kleine B\u00e4der<\/li>\n<li>Byzantinisches Bad<\/li>\n<li>Altes Dock<\/li>\n<li>Kapelle (Kleine Kirche \u2013 Kunsthaus)<\/li>\n<li>Genua-Burg und Rigs<\/li>\n<li>Schloss Amasra<\/li>\n<li>Fatih-Moschee<\/li>\n<li>Kemere-Br\u00fccke<\/li>\n<li>Die Ruine des Poseidon-Tempels<\/li>\n<li>Rabbit Island und die Ruinen der Kirche<\/li>\n<li>Amasra-Leuchtturm<\/li>\n<li>Beispiel eines osmanischen Hauses in Amasra<\/li>\n<li>Mastfelsen<\/li>\n<li>Cekiciler-Markt<\/li>\n<li>Frauenmarkt (Galla-Basar)<\/li>\n<li>Edhem Aga-Herrenhaus<\/li>\n<li>Tekketepe-Grab<\/li>\n<li>Amasra Adobe House-Modell<\/li>\n<li>Historischer Hafen und alte Strandgrenze<\/li>\n<li>Ruinen aus der R\u00f6merzeit<\/li>\n<li>Bedesten (Landesversammlung)<\/li>\n<li>Kemerderesi-Br\u00fccke (0,7 km)<\/li>\n<li>Antikes Theater<\/li>\n<li>Baris Akarsu Friedhof<\/li>\n<li>Kuskayasi-Stra\u00dfendenkmal (5 km)<\/li>\n<\/ol>\n<p>&nbsp;<\/p>\n<p><strong><em>Urheberrechte \u00a9 <\/em><\/strong><\/p>\n<p>Diese Karte wurde erstellt von <strong>Kemal Onur OZMAN<\/strong>Und <strong>Petra Havrdova<\/strong>. Wir m\u00f6chten uns bei Ihnen bedanken <strong>Magdalena Klaus\u00a0<\/strong>f\u00fcr jeden Beitrag. \u00dcbersetzung von <strong>Gul Berivan Karaldi Ekiz.<\/strong><\/p>\n<p>Alle Rechte vorbehalten \u00a9 2019. Das Kopieren und Verbreiten ohne Genehmigung ist untersagt. F\u00fcr Vorschl\u00e4ge zur Karte wenden Sie sich bitte an <strong>kemalonurozman@gmail.com<\/strong><\/p>\n<p><strong>F\u00fcr mehr Informationen<\/strong><\/p>\n<p>&nbsp;<\/p>\n<p>&nbsp;<\/p>","protected":false},"excerpt":{"rendered":"<p>A short history of Amasra What to do in which season? What to eat in Amasra and where to eat? Where to go sightseeing in Amasra? What to buy? Where to swim? History in 5 minutes Strabon believes that the city of Amasra, which was firstly known as Sesamos city in the history, was founded [&hellip;]<\/p>\n","protected":false},"author":1,"featured_media":14078,"comment_status":"open","ping_status":"open","sticky":false,"template":"","format":"standard","meta":{"footnotes":""},"categories":[36818],"tags":[],"class_list":["post-14997","post","type-post","status-publish","format-standard","has-post-thumbnail","hentry","category-english"],"_links":{"self":[{"href":"https:\/\/amasra.com.tr\/de\/wp-json\/wp\/v2\/posts\/14997","targetHints":{"allow":["GET"]}}],"collection":[{"href":"https:\/\/amasra.com.tr\/de\/wp-json\/wp\/v2\/posts"}],"about":[{"href":"https:\/\/amasra.com.tr\/de\/wp-json\/wp\/v2\/types\/post"}],"author":[{"embeddable":true,"href":"https:\/\/amasra.com.tr\/de\/wp-json\/wp\/v2\/users\/1"}],"replies":[{"embeddable":true,"href":"https:\/\/amasra.com.tr\/de\/wp-json\/wp\/v2\/comments?post=14997"}],"version-history":[{"count":0,"href":"https:\/\/amasra.com.tr\/de\/wp-json\/wp\/v2\/posts\/14997\/revisions"}],"wp:featuredmedia":[{"embeddable":true,"href":"https:\/\/amasra.com.tr\/de\/wp-json\/wp\/v2\/media\/14078"}],"wp:attachment":[{"href":"https:\/\/amasra.com.tr\/de\/wp-json\/wp\/v2\/media?parent=14997"}],"wp:term":[{"taxonomy":"category","embeddable":true,"href":"https:\/\/amasra.com.tr\/de\/wp-json\/wp\/v2\/categories?post=14997"},{"taxonomy":"post_tag","embeddable":true,"href":"https:\/\/amasra.com.tr\/de\/wp-json\/wp\/v2\/tags?post=14997"}],"curies":[{"name":"wp","href":"https:\/\/api.w.org\/{rel}","templated":true}]}}