{"id":17310,"date":"2025-10-31T23:58:21","date_gmt":"2025-10-31T20:58:21","guid":{"rendered":"https:\/\/amasra.com.tr\/?p=17310"},"modified":"2025-10-31T23:58:31","modified_gmt":"2025-10-31T20:58:31","slug":"tarihin-icinde-ask-ruhi-palasta-unutulmaz-bir-hafta-sonu","status":"publish","type":"post","link":"https:\/\/amasra.com.tr\/de\/tarihin-icinde-ask-ruhi-palasta-unutulmaz-bir-hafta-sonu\/","title":{"rendered":"Tarihin \u0130\u00e7inde A\u015fk \u2013 Ruhi Palas\u2019ta Unutulmaz Bir Hafta Sonu"},"content":{"rendered":"<h1 class=\"wp-block-heading\">Tarihin \u0130\u00e7inde A\u015fk \u2013 Ruhi Palas\u2019ta Unutulmaz Bir Hafta Sonu<\/h1>\r\n\r\n\r\n\r\n\r\n\r\n<p>Amasras <strong>r\u00fczgara, yosun kokusuna ve tarihe bulanm\u0131\u015f<\/strong> dar sokaklar\u0131nda y\u00fcr\u00fcrken, her k\u00f6\u015fe ba\u015f\u0131 size yeni bir hik\u00e2ye sunar. \u00d6zellikle \u015fehre adeta <strong>nazar boncu\u011fu gibi yerle\u015fmi\u015f Ruhi Palas<\/strong>, a\u015fk\u0131n ve huzurun bulu\u015ftu\u011fu nadide adreslerden biri. Hafta sonu ka\u00e7ama\u011f\u0131 i\u00e7in Amasra\u2019ya gelenlerin unutulmaz anlar ya\u015fad\u0131\u011f\u0131 bu e\u015fsiz mek\u00e2nda, Karadeniz\u2019in kendine has denizinden \u00e7\u0131kan taze bal\u0131klar\u0131n tad\u0131na bakmak, Amasra liman\u0131n\u0131n mavili\u011fiyle g\u00f6z g\u00f6ze gelmek gibisi yok. Gerek yerel halk gerekse gezgin ziyaret\u00e7iler i\u00e7in Ruhi Palas\u2019ta ge\u00e7irilen vakit, Amasra&#8217;n\u0131n kalbinde bir a\u015fk \u00f6yk\u00fcs\u00fcne d\u00f6n\u00fc\u015f\u00fcyor.<\/p>\r\n\r\n\r\n\r\n<p><a href=\"https:\/\/amasra.com.tr\/wp-content\/uploads\/2025\/03\/amasra-ruhi-palas-mukemmel-manzarali-1.avif\"><img loading=\"lazy\" decoding=\"async\" class=\"alignnone size-full wp-image-16972\" src=\"https:\/\/amasra.com.tr\/wp-content\/uploads\/2025\/03\/amasra-ruhi-palas-mukemmel-manzarali-1.avif\" alt=\"\" width=\"1200\" height=\"1795\" srcset=\"https:\/\/amasra.com.tr\/wp-content\/uploads\/2025\/03\/amasra-ruhi-palas-mukemmel-manzarali-1.avif 1200w, https:\/\/amasra.com.tr\/wp-content\/uploads\/2025\/03\/amasra-ruhi-palas-mukemmel-manzarali-1-154x230.avif 154w, https:\/\/amasra.com.tr\/wp-content\/uploads\/2025\/03\/amasra-ruhi-palas-mukemmel-manzarali-1-234x350.avif 234w, https:\/\/amasra.com.tr\/wp-content\/uploads\/2025\/03\/amasra-ruhi-palas-mukemmel-manzarali-1-768x1149.avif 768w, https:\/\/amasra.com.tr\/wp-content\/uploads\/2025\/03\/amasra-ruhi-palas-mukemmel-manzarali-1-1027x1536.avif 1027w, https:\/\/amasra.com.tr\/wp-content\/uploads\/2025\/03\/amasra-ruhi-palas-mukemmel-manzarali-1-8x12.avif 8w, https:\/\/amasra.com.tr\/wp-content\/uploads\/2025\/03\/amasra-ruhi-palas-mukemmel-manzarali-1-281x420.avif 281w, https:\/\/amasra.com.tr\/wp-content\/uploads\/2025\/03\/amasra-ruhi-palas-mukemmel-manzarali-1-640x957.avif 640w, https:\/\/amasra.com.tr\/wp-content\/uploads\/2025\/03\/amasra-ruhi-palas-mukemmel-manzarali-1-681x1019.avif 681w\" sizes=\"auto, (max-width: 1200px) 100vw, 1200px\" \/><\/a><\/p>\r\n\r\n\r\n\r\n<p>www.ruhipalace.com.tr<\/p>\r\n\r\n\r\n\r\n<h2 class=\"wp-block-heading\">Amasra\u2019n\u0131n Denizinden Gelen Lezzetler<\/h2>\r\n\r\n\r\n\r\n<p>Amasra, as\u0131rlard\u0131r denizle i\u00e7 i\u00e7e ya\u015fayan bal\u0131k\u00e7\u0131 kasabalar\u0131n\u0131n ba\u015f\u0131nda gelir. Her sabah limanda elinde a\u011flar\u0131yla g\u00f6r\u00fclen bal\u0131k\u00e7\u0131lar, Karadeniz\u2019in bereketli sular\u0131ndan tuttuklar\u0131 Amasra bal\u0131klar\u0131n\u0131 Amasra restoranlar\u0131na ula\u015ft\u0131r\u0131r. Levrekten barbunya\u011fa, palamuttan istavrite, mevsimine g\u00f6re birbirinden taze bal\u0131k t\u00fcrleri sofralarda yerini al\u0131r. Karadeniz mutfa\u011f\u0131 denildi\u011finde ise akla ilk gelen; zeytinya\u011fl\u0131 mezeler, el a\u00e7mas\u0131 s\u0131cak pideler ve tabii ki Amasra&#8217;n\u0131n me\u015fhur salatas\u0131d\u0131r.<\/p>\r\n\r\n\r\n\r\n<p>Amasra\u2019da ne yenir sorusunun en lezzetli yan\u0131tlar\u0131ndan biri, taze bal\u0131kt\u0131r. G\u00fcn\u00fcn ilk \u0131\u015f\u0131klar\u0131nda mendirekten a\u00e7\u0131lan teknelerin getirdi\u011fi bal\u0131klar, liman \u00e7evresindeki restoranlara da\u011f\u0131t\u0131l\u0131r ve ak\u015fam sofralar\u0131nda benzersiz bir ziyafete d\u00f6n\u00fc\u015f\u00fcr. Amasra bal\u0131k rehberinin \u00f6nerileriyle, farkl\u0131 bal\u0131k t\u00fcrlerini sezonunda tatman\u0131n keyfi bir ba\u015fkad\u0131r.<\/p>\r\n\r\n\r\n\r\n<h2 class=\"wp-block-heading\">Mevsimine G\u00f6re Bal\u0131k Se\u00e7imi<\/h2>\r\n\r\n\r\n\r\n<p>Amasra\u2019da bal\u0131k se\u00e7imi mevsime g\u00f6re ayr\u0131 bir \u00f6nem ta\u015f\u0131r. Sonbahardan itibaren Karadeniz\u2019in ya\u011fmurlu g\u00fcnlerinde palamut ve l\u00fcfer sofralarda ba\u015fk\u00f6\u015feye otururken, ilkbahar ve yaz aylar\u0131nda istavrit ve mezgit tazeli\u011fiyle \u00f6ne \u00e7\u0131kar. K\u0131\u015f\u0131n deniz biraz daha sertle\u015fti\u011finde ise hamsi sezonu ba\u015flar; sofralarda bolca m\u0131s\u0131r ekme\u011fi ve hamsi tava g\u00f6rece\u011finiz zamanlard\u0131r.<\/p>\r\n\r\n\r\n\r\n<p>Amasra bal\u0131klar\u0131, lezzetini berrak ve serin Karadeniz sular\u0131ndan al\u0131r. Deneyimli bal\u0131k\u00e7\u0131lar, hangi bal\u0131\u011f\u0131n hangi ayda yenmesi gerekti\u011fini iyi bilir. Amasra bal\u0131k rehberi de, ziyaret\u00e7ilerin mevsimine g\u00f6re en taze ve lezzetli bal\u0131\u011f\u0131 tercih edebilmesi i\u00e7in haz\u0131rlanan bir pusulad\u0131r. \u00d6zellikle eyl\u00fcl ay\u0131nda ba\u015flayan palamut sezonu hem yerel halk\u0131 hem de \u015fehir d\u0131\u015f\u0131ndan gelen ziyaret\u00e7ileri heyecanland\u0131r\u0131r.<\/p>\r\n\r\n\r\n\r\n<h2 class=\"wp-block-heading\">Amasra\u2019da Bal\u0131k Yiyebilece\u011finiz En \u0130yi Yerler<\/h2>\r\n\r\n\r\n\r\n<p>Amasra restoranlar\u0131, ferah deniz manzaralar\u0131 ile bal\u0131k keyfinizi ta\u00e7land\u0131r\u0131r. Liman boyunca dizili \u015f\u0131k bal\u0131k\u00e7\u0131lar ve sala\u015f bal\u0131k evleri, taze bal\u0131klar\u0131 ve Karadeniz mezelerini \u00f6zenle sunar. Ruhi Palas ise, hem tarihi atmosferiyle hem de \u00f6zg\u00fcn men\u00fcs\u00fcyle \u00f6ne \u00e7\u0131kar. Burada taze bal\u0131klar\u0131n yan\u0131nda, \u00f6zenle haz\u0131rlanan Amasra salatas\u0131 ve y\u00f6resel tatlar sofran\u0131z\u0131 renklendirir.<\/p>\r\n\r\n\r\n\r\n<p><a href=\"https:\/\/amasra.com.tr\/de\/onkel-mustafas-platz-canli-balik-restaurant\/\"><strong>Amasra Canl\u0131 Bal\u0131k<\/strong><\/a> \u00a0en g\u00f6zde mekanlar\u0131 aras\u0131nda say\u0131l\u0131r. E\u011fer k\u0131y\u0131da bal\u0131k yiyip g\u00fcn bat\u0131m\u0131n\u0131 izlemek isterseniz, tarihi kale duvarlar\u0131n\u0131n \u00f6n\u00fcndeki k\u00fc\u00e7\u00fck restoranlar tam size g\u00f6re. \u00d6zellikle Ruhi Palas\u2019\u0131n s\u0131cak atmosferi ve deniz manzaras\u0131, hafta sonunuza unutulmaz bir dokunu\u015f katacakt\u0131r.<\/p>\r\n\r\n\r\n\r\n<h2 class=\"wp-block-heading\">Yerel \u0130pu\u00e7lar\u0131<\/h2>\r\n\r\n\r\n\r\n<ul class=\"wp-block-list\">\r\n<li>Amasra\u2019ya bal\u0131k sezonunda gitmek, taze ve \u00e7e\u015fitli bal\u0131klar\u0131n tad\u0131na varmak i\u00e7in idealdir. Palamut i\u00e7in eyl\u00fcl-kas\u0131m, hamsi i\u00e7in aral\u0131k-\u015fubat aylar\u0131n\u0131 de\u011ferlendirebilirsiniz.<\/li>\r\n\r\n\r\n\r\n<li>Amasra bal\u0131k rehberi ile g\u00fcn\u00fcn en taze bal\u0131klar\u0131n\u0131 hangi restoranda yiyece\u011finizi kolayca \u00f6\u011frenebilirsiniz.<\/li>\r\n\r\n\r\n\r\n<li>Amasra\u2019da ne yenir sorusu sadece bal\u0131kla s\u0131n\u0131rl\u0131 de\u011fil; mutlaka Amasra salatas\u0131, m\u0131s\u0131r ekme\u011fi ve y\u00f6reye \u00f6zg\u00fc mezeleri deneyin.<\/li>\r\n\r\n\r\n\r\n<li>K\u00fc\u00e7\u00fck bal\u0131k\u00e7\u0131 teknelerini ve limanda bal\u0131k ay\u0131klayan yerel halk\u0131 izleyerek, Amasra\u2019n\u0131n ya\u015fam k\u00fclt\u00fcr\u00fcn\u00fc yak\u0131ndan ke\u015ffedin.<\/li>\r\n\r\n\r\n\r\n<li>Karadeniz mutfa\u011f\u0131na \u00f6zg\u00fc tatl\u0131lardan olan f\u0131nd\u0131kl\u0131 baklavay\u0131 veya laz b\u00f6re\u011fini Ruhi Palas\u2019ta kahvenin yan\u0131nda isteyebilirsiniz.<\/li>\r\n<\/ul>\r\n\r\n\r\n\r\n<p><strong>Kaynak:<\/strong> <a href=\"https:\/\/amasra.com.tr\/de\/\">www.amasra.com.tr<\/a><\/p>","protected":false},"excerpt":{"rendered":"<p>Tarihin \u0130\u00e7inde A\u015fk \u2013 Ruhi Palas\u2019ta Unutulmaz Bir Hafta Sonu Amasra\u2019n\u0131n r\u00fczgara, yosun kokusuna ve tarihe bulanm\u0131\u015f dar sokaklar\u0131nda y\u00fcr\u00fcrken, her k\u00f6\u015fe ba\u015f\u0131 size yeni bir hik\u00e2ye sunar. \u00d6zellikle \u015fehre adeta nazar boncu\u011fu gibi yerle\u015fmi\u015f Ruhi Palas, a\u015fk\u0131n ve huzurun bulu\u015ftu\u011fu nadide adreslerden biri. Hafta sonu ka\u00e7ama\u011f\u0131 i\u00e7in Amasra\u2019ya gelenlerin unutulmaz anlar ya\u015fad\u0131\u011f\u0131 bu e\u015fsiz [&hellip;]<\/p>\n","protected":false},"author":1,"featured_media":17050,"comment_status":"open","ping_status":"open","sticky":false,"template":"","format":"standard","meta":{"footnotes":""},"categories":[1,36842,83],"tags":[],"class_list":["post-17310","post","type-post","status-publish","format-standard","has-post-thumbnail","hentry","category-genel","category-gezi-rehberi","category-tarihi-yerler"],"_links":{"self":[{"href":"https:\/\/amasra.com.tr\/de\/wp-json\/wp\/v2\/posts\/17310","targetHints":{"allow":["GET"]}}],"collection":[{"href":"https:\/\/amasra.com.tr\/de\/wp-json\/wp\/v2\/posts"}],"about":[{"href":"https:\/\/amasra.com.tr\/de\/wp-json\/wp\/v2\/types\/post"}],"author":[{"embeddable":true,"href":"https:\/\/amasra.com.tr\/de\/wp-json\/wp\/v2\/users\/1"}],"replies":[{"embeddable":true,"href":"https:\/\/amasra.com.tr\/de\/wp-json\/wp\/v2\/comments?post=17310"}],"version-history":[{"count":0,"href":"https:\/\/amasra.com.tr\/de\/wp-json\/wp\/v2\/posts\/17310\/revisions"}],"wp:featuredmedia":[{"embeddable":true,"href":"https:\/\/amasra.com.tr\/de\/wp-json\/wp\/v2\/media\/17050"}],"wp:attachment":[{"href":"https:\/\/amasra.com.tr\/de\/wp-json\/wp\/v2\/media?parent=17310"}],"wp:term":[{"taxonomy":"category","embeddable":true,"href":"https:\/\/amasra.com.tr\/de\/wp-json\/wp\/v2\/categories?post=17310"},{"taxonomy":"post_tag","embeddable":true,"href":"https:\/\/amasra.com.tr\/de\/wp-json\/wp\/v2\/tags?post=17310"}],"curies":[{"name":"wp","href":"https:\/\/api.w.org\/{rel}","templated":true}]}}