{"id":7972,"date":"2014-09-04T07:00:47","date_gmt":"2014-09-04T04:00:47","guid":{"rendered":"http:\/\/amasra.com.tr\/?p=7972"},"modified":"2014-09-04T07:12:36","modified_gmt":"2014-09-04T04:12:36","slug":"amasrada-deprem","status":"publish","type":"post","link":"https:\/\/amasra.com.tr\/de\/amasrada-deprem\/","title":{"rendered":"Erdbeben in Amasra"},"content":{"rendered":"<p>Nach Angaben des Observatoriums wurde Amasra heute Morgen (04.09.2014) gegen 06:53 Uhr von einem Erdbeben der St\u00e4rke 4,0 ersch\u00fcttert. Es wird gesch\u00e4tzt, dass durch das Erdbeben weder Leben noch Eigentum verloren gegangen sind.<\/p>\n<p><strong>Das Epizentrum des Erdbebens war Kayadibi<\/strong><br \/>\nDas kleine Erdbeben, das sich in einer Tiefe von 4 Metern im Dorf Bart\u0131n Kayadibi ereignete, war im Zentrum von Bart\u0131n, Amasra, Kuruca\u015file, \u00c7akraz, Ulus und \u0130nkum zu sp\u00fcren.<\/p>\n<p>Karte der Erdbebenschwere<\/p>\n<p><a href=\"http:\/\/amasra.com.tr\/wp-content\/uploads\/2014\/09\/IMG_4150.png\"><img decoding=\"async\" src=\"http:\/\/amasra.com.tr\/wp-content\/uploads\/2014\/09\/IMG_4150.png\" alt=\"IMG_4150.PNG\" class=\"alignnone size-full\" \/><\/a><\/p>","protected":false},"excerpt":{"rendered":"<p>Amasra bu sabah (04.09.2014) saat 06.53 sular\u0131nda rasathane verilerine g\u00f6re 4.0 \u00f6l\u00e7ekli depremle sars\u0131ld\u0131. Depremde \u015fuam i\u015fin herhangi bir can yada mal kayb\u0131 g\u00f6r\u00fclmedi\u011fi tahmin ediliyor. Depremin Merkezi Kayadibi Bart\u0131n Kayadibi k\u00f6y\u00fc 4 metre derinlikte ger\u00e7ekle\u015fen ufak \u00e7apl\u0131 deprem Bart\u0131n merkez, Amasra, Kuruca\u015file, \u00c7akraz, Ulus ve \u0130nkumundan hissedildi. Deprem \u015fiddet haritas\u0131<\/p>","protected":false},"author":402,"featured_media":0,"comment_status":"open","ping_status":"open","sticky":false,"template":"","format":"standard","meta":{"footnotes":""},"categories":[1],"tags":[],"class_list":["post-7972","post","type-post","status-publish","format-standard","hentry","category-genel"],"_links":{"self":[{"href":"https:\/\/amasra.com.tr\/de\/wp-json\/wp\/v2\/posts\/7972","targetHints":{"allow":["GET"]}}],"collection":[{"href":"https:\/\/amasra.com.tr\/de\/wp-json\/wp\/v2\/posts"}],"about":[{"href":"https:\/\/amasra.com.tr\/de\/wp-json\/wp\/v2\/types\/post"}],"author":[{"embeddable":true,"href":"https:\/\/amasra.com.tr\/de\/wp-json\/wp\/v2\/users\/402"}],"replies":[{"embeddable":true,"href":"https:\/\/amasra.com.tr\/de\/wp-json\/wp\/v2\/comments?post=7972"}],"version-history":[{"count":0,"href":"https:\/\/amasra.com.tr\/de\/wp-json\/wp\/v2\/posts\/7972\/revisions"}],"wp:attachment":[{"href":"https:\/\/amasra.com.tr\/de\/wp-json\/wp\/v2\/media?parent=7972"}],"wp:term":[{"taxonomy":"category","embeddable":true,"href":"https:\/\/amasra.com.tr\/de\/wp-json\/wp\/v2\/categories?post=7972"},{"taxonomy":"post_tag","embeddable":true,"href":"https:\/\/amasra.com.tr\/de\/wp-json\/wp\/v2\/tags?post=7972"}],"curies":[{"name":"wp","href":"https:\/\/api.w.org\/{rel}","templated":true}]}}