{"id":813,"date":"2019-07-11T08:32:18","date_gmt":"2019-07-11T05:32:18","guid":{"rendered":"http:\/\/tunru.com\/2\/?p=813"},"modified":"2025-06-20T10:48:25","modified_gmt":"2025-06-20T07:48:25","slug":"fatih-moschee","status":"publish","type":"post","link":"https:\/\/amasra.com.tr\/de\/fatih-camisi\/","title":{"rendered":"Fatih-Moschee"},"content":{"rendered":"<p><span style=\"font-size: 14pt;\"><strong>Historische Merkmale und Bedeutung<\/strong><\/span><\/p>\n<p><span style=\"font-size: 14pt;\">Es handelt sich um eine alte byzantinische Kirche aus dem 9. Jahrhundert im Inneren der Burg Amasra. W\u00e4hrend der Eroberung von Amasra im Jahr 1460 durch Fatih Sultan Mehmet wurde es in eine Moschee umgewandelt.<\/span><\/p>\n<p><iframe loading=\"lazy\" style=\"border: 0; max-width: 100%;\" src=\"https:\/\/amasra.com.tr\/wp-content\/360-photos\/fatih-camisi\/index.htm\" width=\"100%\" height=\"500\"><br \/>\n<\/iframe><\/p>\n<p><span style=\"font-size: 14pt;\"><strong>Architektonische Besonderheiten<\/strong><\/span><br \/>\n<span style=\"font-size: 14pt;\"> Der Abschnitt Narthex (Erste Gemeinde) und der Ambon-Vorsprung (Apsis) des Geb\u00e4udes, der alle strukturellen Merkmale dieser Zeit aufweist, wurden dem Raum sp\u00e4ter hinzugef\u00fcgt. Im Jahr 1887 wurde das 19 x 11 m gro\u00dfe Wiegengew\u00f6lbe der Moschee, das den Raum bis auf seine vier W\u00e4nde bedeckte und stellenweise einsturzgef\u00e4hrdet war, entfernt und stattdessen eine Holzdecke und ein Dach hergestellt , und es wurde eine gr\u00f6\u00dfere Reparatur durchgef\u00fchrt.<\/span><\/p>\n<h3>Werbevideo zur Amasra-Fatih-Moschee<\/h3>\n<p><iframe loading=\"lazy\" src=\"https:\/\/www.youtube.com\/embed\/kbyN7oaeKCE\" width=\"300\" height=\"200\" frameborder=\"0\" allowfullscreen=\"allowfullscreen\"><\/iframe><\/p>\n<p>nicht in der T\u00fcrkei und anderen islamischen L\u00e4ndern zu finden. <strong>\u201eDie Lesung der Freitagspredigt mit gezogenem Schwert\u201c<\/strong> Tradition<\/p>\n<p>Es wird heute in der Fatih-Moschee lebendig gehalten.<\/p>\n<p><span style=\"font-size: 14pt;\"><strong>Was ist der Grund daf\u00fcr, dass die Freitagspredigt mit gezogenem Schwert gelesen wird?<\/strong><\/span><\/p>\n<p>Wie bekannt ist, hat unser Meister, der Prophet Hz. Mohammeds Freitagspredigt in Mekka, wohin er in seiner Kriegskleidung ging, indem er sein Schwert aus der Scheide zog; Jahrelang wurde die \u201eSunnah\u201c akzeptiert und in allen Moscheen angewendet. Obwohl diese Tradition in den letzten 1400 Jahren in Vergessenheit geraten ist, wird sie in der Amasra-Fatih-Moschee immer noch weitergef\u00fchrt und erregt gro\u00dfe Aufmerksamkeit.<\/p>\n<h3>Fotos der Amasra-Fatih-Moschee<\/h3>\n<div id='gallery-1' class='gallery galleryid-813 gallery-columns-3 gallery-size-medium'><figure class='gallery-item'>\n\t\t\t<div class='gallery-icon landscape'>\n\t\t\t\t<a href='https:\/\/amasra.com.tr\/wp-content\/uploads\/2017\/06\/amasra-fatih-camisi.jpg'><img loading=\"lazy\" decoding=\"async\" width=\"230\" height=\"230\" src=\"https:\/\/amasra.com.tr\/wp-content\/uploads\/2017\/06\/amasra-fatih-camisi-230x230.jpg\" class=\"attachment-medium size-medium\" alt=\"\" srcset=\"https:\/\/amasra.com.tr\/wp-content\/uploads\/2017\/06\/amasra-fatih-camisi-230x230.jpg 230w, https:\/\/amasra.com.tr\/wp-content\/uploads\/2017\/06\/amasra-fatih-camisi-167x167.jpg 167w\" sizes=\"auto, (max-width: 230px) 100vw, 230px\" \/><\/a>\n\t\t\t<\/div><\/figure><figure class='gallery-item'>\n\t\t\t<div class='gallery-icon portrait'>\n\t\t\t\t<a href='https:\/\/amasra.com.tr\/wp-content\/uploads\/2013\/01\/amasra-kar-fotograflari-kemal-onur-ozman-41.jpg'><img loading=\"lazy\" decoding=\"async\" width=\"230\" height=\"230\" src=\"https:\/\/amasra.com.tr\/wp-content\/uploads\/2013\/01\/amasra-kar-fotograflari-kemal-onur-ozman-41-230x230.jpg\" class=\"attachment-medium size-medium\" alt=\"\" srcset=\"https:\/\/amasra.com.tr\/wp-content\/uploads\/2013\/01\/amasra-kar-fotograflari-kemal-onur-ozman-41-230x230.jpg 230w, https:\/\/amasra.com.tr\/wp-content\/uploads\/2013\/01\/amasra-kar-fotograflari-kemal-onur-ozman-41-167x167.jpg 167w, https:\/\/amasra.com.tr\/wp-content\/uploads\/2013\/01\/amasra-kar-fotograflari-kemal-onur-ozman-41-50x50.jpg 50w\" sizes=\"auto, (max-width: 230px) 100vw, 230px\" \/><\/a>\n\t\t\t<\/div><\/figure><figure class='gallery-item'>\n\t\t\t<div class='gallery-icon landscape'>\n\t\t\t\t<a href='https:\/\/amasra.com.tr\/wp-content\/uploads\/2013\/01\/amasra-kar-fotograflari-kemal-onur-ozman-46.jpg'><img loading=\"lazy\" decoding=\"async\" width=\"230\" height=\"230\" src=\"https:\/\/amasra.com.tr\/wp-content\/uploads\/2013\/01\/amasra-kar-fotograflari-kemal-onur-ozman-46-230x230.jpg\" class=\"attachment-medium size-medium\" alt=\"\" srcset=\"https:\/\/amasra.com.tr\/wp-content\/uploads\/2013\/01\/amasra-kar-fotograflari-kemal-onur-ozman-46-230x230.jpg 230w, https:\/\/amasra.com.tr\/wp-content\/uploads\/2013\/01\/amasra-kar-fotograflari-kemal-onur-ozman-46-167x167.jpg 167w, https:\/\/amasra.com.tr\/wp-content\/uploads\/2013\/01\/amasra-kar-fotograflari-kemal-onur-ozman-46-50x50.jpg 50w\" sizes=\"auto, (max-width: 230px) 100vw, 230px\" \/><\/a>\n\t\t\t<\/div><\/figure><figure class='gallery-item'>\n\t\t\t<div class='gallery-icon portrait'>\n\t\t\t\t<a href='https:\/\/amasra.com.tr\/wp-content\/uploads\/2013\/01\/amasra-kar-fotograflari-kemal-onur-ozman-42.jpg'><img loading=\"lazy\" decoding=\"async\" width=\"230\" height=\"230\" src=\"https:\/\/amasra.com.tr\/wp-content\/uploads\/2013\/01\/amasra-kar-fotograflari-kemal-onur-ozman-42-230x230.jpg\" class=\"attachment-medium size-medium\" alt=\"\" srcset=\"https:\/\/amasra.com.tr\/wp-content\/uploads\/2013\/01\/amasra-kar-fotograflari-kemal-onur-ozman-42-230x230.jpg 230w, https:\/\/amasra.com.tr\/wp-content\/uploads\/2013\/01\/amasra-kar-fotograflari-kemal-onur-ozman-42-167x167.jpg 167w, https:\/\/amasra.com.tr\/wp-content\/uploads\/2013\/01\/amasra-kar-fotograflari-kemal-onur-ozman-42-50x50.jpg 50w\" sizes=\"auto, (max-width: 230px) 100vw, 230px\" \/><\/a>\n\t\t\t<\/div><\/figure><figure class='gallery-item'>\n\t\t\t<div class='gallery-icon landscape'>\n\t\t\t\t<a href='https:\/\/amasra.com.tr\/wp-content\/uploads\/2013\/01\/amasra-kar-fotograflari-kemal-onur-ozman-40.jpg'><img loading=\"lazy\" decoding=\"async\" width=\"230\" height=\"230\" src=\"https:\/\/amasra.com.tr\/wp-content\/uploads\/2013\/01\/amasra-kar-fotograflari-kemal-onur-ozman-40-230x230.jpg\" class=\"attachment-medium size-medium\" alt=\"\" srcset=\"https:\/\/amasra.com.tr\/wp-content\/uploads\/2013\/01\/amasra-kar-fotograflari-kemal-onur-ozman-40-230x230.jpg 230w, https:\/\/amasra.com.tr\/wp-content\/uploads\/2013\/01\/amasra-kar-fotograflari-kemal-onur-ozman-40-167x167.jpg 167w, https:\/\/amasra.com.tr\/wp-content\/uploads\/2013\/01\/amasra-kar-fotograflari-kemal-onur-ozman-40-50x50.jpg 50w\" sizes=\"auto, (max-width: 230px) 100vw, 230px\" \/><\/a>\n\t\t\t<\/div><\/figure><figure class='gallery-item'>\n\t\t\t<div class='gallery-icon landscape'>\n\t\t\t\t<a href='https:\/\/amasra.com.tr\/wp-content\/uploads\/2016\/08\/fatih-camisi-amasra-fotograflari.jpg'><img loading=\"lazy\" decoding=\"async\" width=\"230\" height=\"230\" src=\"https:\/\/amasra.com.tr\/wp-content\/uploads\/2016\/08\/fatih-camisi-amasra-fotograflari-230x230.jpg\" class=\"attachment-medium size-medium\" alt=\"\" aria-describedby=\"gallery-1-12170\" srcset=\"https:\/\/amasra.com.tr\/wp-content\/uploads\/2016\/08\/fatih-camisi-amasra-fotograflari-230x230.jpg 230w, https:\/\/amasra.com.tr\/wp-content\/uploads\/2016\/08\/fatih-camisi-amasra-fotograflari-167x167.jpg 167w, https:\/\/amasra.com.tr\/wp-content\/uploads\/2016\/08\/fatih-camisi-amasra-fotograflari-50x50.jpg 50w\" sizes=\"auto, (max-width: 230px) 100vw, 230px\" \/><\/a>\n\t\t\t<\/div>\n\t\t\t\t<figcaption class='wp-caption-text gallery-caption' id='gallery-1-12170'>\n\t\t\t\tGesamtansicht \u2013 Fatih-Moschee (Alte Kirche)\n\t\t\t\t<\/figcaption><\/figure><figure class='gallery-item'>\n\t\t\t<div class='gallery-icon portrait'>\n\t\t\t\t<a href='https:\/\/amasra.com.tr\/wp-content\/uploads\/2016\/08\/amasra-fatih-camisi-3.jpg'><img loading=\"lazy\" decoding=\"async\" width=\"230\" height=\"230\" src=\"https:\/\/amasra.com.tr\/wp-content\/uploads\/2016\/08\/amasra-fatih-camisi-3-230x230.jpg\" class=\"attachment-medium size-medium\" alt=\"\" aria-describedby=\"gallery-1-12169\" srcset=\"https:\/\/amasra.com.tr\/wp-content\/uploads\/2016\/08\/amasra-fatih-camisi-3-230x230.jpg 230w, https:\/\/amasra.com.tr\/wp-content\/uploads\/2016\/08\/amasra-fatih-camisi-3-167x167.jpg 167w, https:\/\/amasra.com.tr\/wp-content\/uploads\/2016\/08\/amasra-fatih-camisi-3-50x50.jpg 50w\" sizes=\"auto, (max-width: 230px) 100vw, 230px\" \/><\/a>\n\t\t\t<\/div>\n\t\t\t\t<figcaption class='wp-caption-text gallery-caption' id='gallery-1-12169'>\n\t\t\t\tFatih-Moschee \u2013 Amasra\n\t\t\t\t<\/figcaption><\/figure><figure class='gallery-item'>\n\t\t\t<div class='gallery-icon landscape'>\n\t\t\t\t<a href='https:\/\/amasra.com.tr\/wp-content\/uploads\/2013\/05\/fatih-camisi-amasra-500x372.jpg'><img loading=\"lazy\" decoding=\"async\" width=\"230\" height=\"230\" src=\"https:\/\/amasra.com.tr\/wp-content\/uploads\/2013\/05\/fatih-camisi-amasra-500x372-230x230.jpg\" class=\"attachment-medium size-medium\" alt=\"\" srcset=\"https:\/\/amasra.com.tr\/wp-content\/uploads\/2013\/05\/fatih-camisi-amasra-500x372-230x230.jpg 230w, https:\/\/amasra.com.tr\/wp-content\/uploads\/2013\/05\/fatih-camisi-amasra-500x372-167x167.jpg 167w, https:\/\/amasra.com.tr\/wp-content\/uploads\/2013\/05\/fatih-camisi-amasra-500x372-50x50.jpg 50w\" sizes=\"auto, (max-width: 230px) 100vw, 230px\" \/><\/a>\n\t\t\t<\/div><\/figure><figure class='gallery-item'>\n\t\t\t<div class='gallery-icon landscape'>\n\t\t\t\t<a href='https:\/\/amasra.com.tr\/wp-content\/uploads\/2013\/05\/fatih-camisi-amasra-pencere-detaylari.jpg'><img loading=\"lazy\" decoding=\"async\" width=\"230\" height=\"230\" src=\"https:\/\/amasra.com.tr\/wp-content\/uploads\/2013\/05\/fatih-camisi-amasra-pencere-detaylari-230x230.jpg\" class=\"attachment-medium size-medium\" alt=\"\" srcset=\"https:\/\/amasra.com.tr\/wp-content\/uploads\/2013\/05\/fatih-camisi-amasra-pencere-detaylari-230x230.jpg 230w, https:\/\/amasra.com.tr\/wp-content\/uploads\/2013\/05\/fatih-camisi-amasra-pencere-detaylari-167x167.jpg 167w, https:\/\/amasra.com.tr\/wp-content\/uploads\/2013\/05\/fatih-camisi-amasra-pencere-detaylari-50x50.jpg 50w\" sizes=\"auto, (max-width: 230px) 100vw, 230px\" \/><\/a>\n\t\t\t<\/div><\/figure><figure class='gallery-item'>\n\t\t\t<div class='gallery-icon portrait'>\n\t\t\t\t<a href='https:\/\/amasra.com.tr\/wp-content\/uploads\/2013\/05\/fatih-camisi-sokak-goruntusu.jpg'><img loading=\"lazy\" decoding=\"async\" width=\"230\" height=\"230\" src=\"https:\/\/amasra.com.tr\/wp-content\/uploads\/2013\/05\/fatih-camisi-sokak-goruntusu-230x230.jpg\" class=\"attachment-medium size-medium\" alt=\"\" srcset=\"https:\/\/amasra.com.tr\/wp-content\/uploads\/2013\/05\/fatih-camisi-sokak-goruntusu-230x230.jpg 230w, https:\/\/amasra.com.tr\/wp-content\/uploads\/2013\/05\/fatih-camisi-sokak-goruntusu-167x167.jpg 167w, https:\/\/amasra.com.tr\/wp-content\/uploads\/2013\/05\/fatih-camisi-sokak-goruntusu-50x50.jpg 50w\" sizes=\"auto, (max-width: 230px) 100vw, 230px\" \/><\/a>\n\t\t\t<\/div><\/figure><figure class='gallery-item'>\n\t\t\t<div class='gallery-icon landscape'>\n\t\t\t\t<a href='https:\/\/amasra.com.tr\/wp-content\/uploads\/2013\/05\/fatih-camii-amasra1.jpg'><img loading=\"lazy\" decoding=\"async\" width=\"230\" height=\"230\" src=\"https:\/\/amasra.com.tr\/wp-content\/uploads\/2013\/05\/fatih-camii-amasra1-230x230.jpg\" class=\"attachment-medium size-medium\" alt=\"\" srcset=\"https:\/\/amasra.com.tr\/wp-content\/uploads\/2013\/05\/fatih-camii-amasra1-230x230.jpg 230w, https:\/\/amasra.com.tr\/wp-content\/uploads\/2013\/05\/fatih-camii-amasra1-167x167.jpg 167w, https:\/\/amasra.com.tr\/wp-content\/uploads\/2013\/05\/fatih-camii-amasra1-50x50.jpg 50w\" sizes=\"auto, (max-width: 230px) 100vw, 230px\" \/><\/a>\n\t\t\t<\/div><\/figure><figure class='gallery-item'>\n\t\t\t<div class='gallery-icon portrait'>\n\t\t\t\t<a href='https:\/\/amasra.com.tr\/wp-content\/uploads\/2013\/05\/amasra-fatih-camisi-kale-ici.jpg'><img loading=\"lazy\" decoding=\"async\" width=\"230\" height=\"230\" src=\"https:\/\/amasra.com.tr\/wp-content\/uploads\/2013\/05\/amasra-fatih-camisi-kale-ici-230x230.jpg\" class=\"attachment-medium size-medium\" alt=\"\" srcset=\"https:\/\/amasra.com.tr\/wp-content\/uploads\/2013\/05\/amasra-fatih-camisi-kale-ici-230x230.jpg 230w, https:\/\/amasra.com.tr\/wp-content\/uploads\/2013\/05\/amasra-fatih-camisi-kale-ici-167x167.jpg 167w, https:\/\/amasra.com.tr\/wp-content\/uploads\/2013\/05\/amasra-fatih-camisi-kale-ici-50x50.jpg 50w\" sizes=\"auto, (max-width: 230px) 100vw, 230px\" \/><\/a>\n\t\t\t<\/div><\/figure><figure class='gallery-item'>\n\t\t\t<div class='gallery-icon landscape'>\n\t\t\t\t<a href='https:\/\/amasra.com.tr\/wp-content\/uploads\/2013\/05\/fatih-camii-amasra.jpg'><img loading=\"lazy\" decoding=\"async\" width=\"230\" height=\"230\" src=\"https:\/\/amasra.com.tr\/wp-content\/uploads\/2013\/05\/fatih-camii-amasra-230x230.jpg\" class=\"attachment-medium size-medium\" alt=\"\" aria-describedby=\"gallery-1-1667\" srcset=\"https:\/\/amasra.com.tr\/wp-content\/uploads\/2013\/05\/fatih-camii-amasra-230x230.jpg 230w, https:\/\/amasra.com.tr\/wp-content\/uploads\/2013\/05\/fatih-camii-amasra-167x167.jpg 167w, https:\/\/amasra.com.tr\/wp-content\/uploads\/2013\/05\/fatih-camii-amasra-50x50.jpg 50w\" sizes=\"auto, (max-width: 230px) 100vw, 230px\" \/><\/a>\n\t\t\t<\/div>\n\t\t\t\t<figcaption class='wp-caption-text gallery-caption' id='gallery-1-1667'>\n\t\t\t\tFatih-Moschee unter Schnee\n\t\t\t\t<\/figcaption><\/figure><figure class='gallery-item'>\n\t\t\t<div class='gallery-icon landscape'>\n\t\t\t\t<a href='https:\/\/amasra.com.tr\/wp-content\/uploads\/2013\/05\/fatih-camii.jpg'><img loading=\"lazy\" decoding=\"async\" width=\"230\" height=\"230\" src=\"https:\/\/amasra.com.tr\/wp-content\/uploads\/2013\/05\/fatih-camii-230x230.jpg\" class=\"attachment-medium size-medium\" alt=\"\" srcset=\"https:\/\/amasra.com.tr\/wp-content\/uploads\/2013\/05\/fatih-camii-230x230.jpg 230w, https:\/\/amasra.com.tr\/wp-content\/uploads\/2013\/05\/fatih-camii-167x167.jpg 167w, https:\/\/amasra.com.tr\/wp-content\/uploads\/2013\/05\/fatih-camii-50x50.jpg 50w\" sizes=\"auto, (max-width: 230px) 100vw, 230px\" \/><\/a>\n\t\t\t<\/div><\/figure><figure class='gallery-item'>\n\t\t\t<div class='gallery-icon landscape'>\n\t\t\t\t<a href='https:\/\/amasra.com.tr\/wp-content\/uploads\/2013\/05\/fatih-camii-minare-detayi.jpg'><img loading=\"lazy\" decoding=\"async\" width=\"230\" height=\"230\" src=\"https:\/\/amasra.com.tr\/wp-content\/uploads\/2013\/05\/fatih-camii-minare-detayi-230x230.jpg\" class=\"attachment-medium size-medium\" alt=\"\" srcset=\"https:\/\/amasra.com.tr\/wp-content\/uploads\/2013\/05\/fatih-camii-minare-detayi-230x230.jpg 230w, https:\/\/amasra.com.tr\/wp-content\/uploads\/2013\/05\/fatih-camii-minare-detayi-167x167.jpg 167w, https:\/\/amasra.com.tr\/wp-content\/uploads\/2013\/05\/fatih-camii-minare-detayi-50x50.jpg 50w\" sizes=\"auto, (max-width: 230px) 100vw, 230px\" \/><\/a>\n\t\t\t<\/div><\/figure>\n\t\t<\/div>\n\n<p>&nbsp;<\/p>\n<p>&nbsp;<\/p>","protected":false},"excerpt":{"rendered":"<p>Tarihi \u00d6zellikleri ve \u00d6nemi 9. yy.da Amasra Kalesi i\u00e7inde yap\u0131lm\u0131\u015f eski bir Bizans Kilisesidir. Amasra\u2019n\u0131n 1460 y\u0131l\u0131nda, Fatih Sultan Mehmet taraf\u0131ndan fethi s\u0131ras\u0131nda camiye \u00e7evrilmi\u015ftir. Mimari \u00d6zellikleri D\u00f6nemin t\u00fcm yap\u0131 \u00f6zelliklerini ta\u015f\u0131yan yap\u0131n\u0131n Narthex (\u0130lk Cemaat) b\u00f6l\u00fcm\u00fc ile Ambon (Apsis) \u00e7\u0131k\u0131nt\u0131s\u0131 sonradan mek\u00e2na kat\u0131lm\u0131\u015ft\u0131r. 19\u00d711 m boyutlar\u0131ndaki caminin, 1887 y\u0131l\u0131nda d\u00f6rt duvar\u0131 d\u0131\u015f\u0131nda mek\u00e2n\u0131 \u00f6rten [&hellip;]<\/p>\n","protected":false},"author":1,"featured_media":14073,"comment_status":"open","ping_status":"open","sticky":false,"template":"","format":"standard","meta":{"footnotes":""},"categories":[29,83],"tags":[36748,79],"class_list":["post-813","post","type-post","status-publish","format-standard","has-post-thumbnail","hentry","category-gezilecek-yerler","category-tarihi-yerler","tag-cuma-hutbesinin-kilic-cekilerek-okunmasi","tag-tarihi-mekanlar"],"_links":{"self":[{"href":"https:\/\/amasra.com.tr\/de\/wp-json\/wp\/v2\/posts\/813","targetHints":{"allow":["GET"]}}],"collection":[{"href":"https:\/\/amasra.com.tr\/de\/wp-json\/wp\/v2\/posts"}],"about":[{"href":"https:\/\/amasra.com.tr\/de\/wp-json\/wp\/v2\/types\/post"}],"author":[{"embeddable":true,"href":"https:\/\/amasra.com.tr\/de\/wp-json\/wp\/v2\/users\/1"}],"replies":[{"embeddable":true,"href":"https:\/\/amasra.com.tr\/de\/wp-json\/wp\/v2\/comments?post=813"}],"version-history":[{"count":0,"href":"https:\/\/amasra.com.tr\/de\/wp-json\/wp\/v2\/posts\/813\/revisions"}],"wp:featuredmedia":[{"embeddable":true,"href":"https:\/\/amasra.com.tr\/de\/wp-json\/wp\/v2\/media\/14073"}],"wp:attachment":[{"href":"https:\/\/amasra.com.tr\/de\/wp-json\/wp\/v2\/media?parent=813"}],"wp:term":[{"taxonomy":"category","embeddable":true,"href":"https:\/\/amasra.com.tr\/de\/wp-json\/wp\/v2\/categories?post=813"},{"taxonomy":"post_tag","embeddable":true,"href":"https:\/\/amasra.com.tr\/de\/wp-json\/wp\/v2\/tags?post=813"}],"curies":[{"name":"wp","href":"https:\/\/api.w.org\/{rel}","templated":true}]}}