{"id":12393,"date":"2017-02-26T14:23:21","date_gmt":"2017-02-26T11:23:21","guid":{"rendered":"http:\/\/amasra.com.tr\/?p=12393"},"modified":"2017-02-26T14:23:21","modified_gmt":"2017-02-26T11:23:21","slug":"can-amasra-be-among-the-slow-cities","status":"publish","type":"post","link":"https:\/\/amasra.com.tr\/en\/amasra-yavas-sehirler-arasina-girebilir-mi\/","title":{"rendered":"Can Amasra be among the &quot;Slow Cities&quot;?"},"content":{"rendered":"<p>There are 228 cities in the world as members, and only 11 cities in Turkey (Ak2yaka, G\u00f6k\u00e7eada, Halfeti, \u00c7ar\u015famba, \u015eav\u015fat, Seferihisar, Tarakl\u0131, Uzundere, Yalva\u00e7, Vize and Yenipazar).<strong> &#039;Slow City Movement&#039;<\/strong>Why shouldn&#039;t Amasra be included?<\/p>\n<p>The movement, in which only cities with a population of less than 50 thousand can participate and some criteria must be met, can be a start for the sustainability and preservation of the natural beauty of our Amasra district.<\/p>\n<p><strong><span style=\"font-size: 14pt;\">Some criteria required for Cittaslow (Slow Cities Movement),<\/span><\/strong><\/p>\n<p><strong>a)<\/strong> To make common life in urban areas better for everyone,<\/p>\n<p><strong>b)<\/strong> To improve the quality of life in cities,<\/p>\n<p><strong>c)<\/strong> To resist the homogenizing effects of homogenization and globalization in human settlements,<\/p>\n<p><strong>D)<\/strong> To protect the environment,<\/p>\n<p><strong>to)<\/strong> To defend cultural diversity and the uniqueness of each city and<\/p>\n<p><strong>f)<\/strong> Strives to inspire healthier lifestyles,<\/p>\n<p style=\"text-align: right;\">More information:<a href=\"http:\/\/www.dogadergisi.com\/yavas-sehir-nedir\/\" target=\"_blank\" rel=\"noopener\">\u00a0http:\/\/www.dogadergisi.com\/yavas-sehir-nedir\/<\/a><\/p>\n<p>&nbsp;<\/p>","protected":false},"excerpt":{"rendered":"<p>D\u00fcnya&#8217;da 228 \u015fehirin \u00fcye oldu\u011fu, T\u00fcrkiye&#8217;de ise sadece \u00a011 \u015fehirin bulundu\u011fu (Ak2yaka, G\u00f6k\u00e7eada, Halfeti, Per\u015fembe, \u015eav\u015fat, Seferihisar, Tarakl\u0131, Uzundere, Yalva\u00e7, Vize ve Yenipazar) Yava\u015f \u015eehir Hareketi&#8217;ne Amasra neden dahil olmas\u0131n. Sadece 50 bin n\u00fcfusunun alt\u0131ndaki \u015fehirlerin dahil olabildi\u011fi ve baz\u0131 kriterlerin yerine getirilmesi gereken hareket Amasra il\u00e7emizin s\u00fcrd\u00fcr\u00fclebilirli\u011fi ve do\u011fal g\u00fczelli\u011finin korunmas\u0131 i\u00e7in bir ba\u015flang\u0131\u00e7 [&hellip;]<\/p>\n","protected":false},"author":1,"featured_media":12394,"comment_status":"open","ping_status":"open","sticky":false,"template":"","format":"standard","meta":{"footnotes":""},"categories":[1],"tags":[],"class_list":["post-12393","post","type-post","status-publish","format-standard","has-post-thumbnail","hentry","category-genel"],"_links":{"self":[{"href":"https:\/\/amasra.com.tr\/en\/wp-json\/wp\/v2\/posts\/12393","targetHints":{"allow":["GET"]}}],"collection":[{"href":"https:\/\/amasra.com.tr\/en\/wp-json\/wp\/v2\/posts"}],"about":[{"href":"https:\/\/amasra.com.tr\/en\/wp-json\/wp\/v2\/types\/post"}],"author":[{"embeddable":true,"href":"https:\/\/amasra.com.tr\/en\/wp-json\/wp\/v2\/users\/1"}],"replies":[{"embeddable":true,"href":"https:\/\/amasra.com.tr\/en\/wp-json\/wp\/v2\/comments?post=12393"}],"version-history":[{"count":0,"href":"https:\/\/amasra.com.tr\/en\/wp-json\/wp\/v2\/posts\/12393\/revisions"}],"wp:featuredmedia":[{"embeddable":true,"href":"https:\/\/amasra.com.tr\/en\/wp-json\/wp\/v2\/media\/12394"}],"wp:attachment":[{"href":"https:\/\/amasra.com.tr\/en\/wp-json\/wp\/v2\/media?parent=12393"}],"wp:term":[{"taxonomy":"category","embeddable":true,"href":"https:\/\/amasra.com.tr\/en\/wp-json\/wp\/v2\/categories?post=12393"},{"taxonomy":"post_tag","embeddable":true,"href":"https:\/\/amasra.com.tr\/en\/wp-json\/wp\/v2\/tags?post=12393"}],"curies":[{"name":"wp","href":"https:\/\/api.w.org\/{rel}","templated":true}]}}