{"id":13672,"date":"2018-05-13T21:43:20","date_gmt":"2018-05-13T18:43:20","guid":{"rendered":"http:\/\/amasra.com.tr\/?p=13672"},"modified":"2018-05-13T21:43:20","modified_gmt":"2018-05-13T18:43:20","slug":"tekke-tepe-turbesi","status":"publish","type":"post","link":"https:\/\/amasra.com.tr\/en\/tekke-tepe-turbesi\/","title":{"rendered":"Tekke Tepe Tomb"},"content":{"rendered":"<p>This hillock, which is an ancient island, was a prayer and wishing point in the middle of the Old Amasra cemetery. Like the &quot;H\u0131d\u0131rl\u0131k&quot; in other cities, Amasra&#039;s sanctuary has a Nak\u015fibendi dervish lodge here, and there are cemeteries of sheikhs and dervishes around it.<\/p>\n<p>The trustees and sheiks of the lodge foundation were from the Alemdaro\u011fullar\u0131 family from father to son. Haf\u0131z Mustafa, son of one of the last sheikhs, Yahya Edendi (19th century, 2nd yacht), settled in the Nak\u015fibendi Tekke in Sultanahmet after an adventurous youth passing through the ships, and became the &quot;Knotty Father&quot; of Istanbulites for fifty years, in his turban, to unite the lovers, He tied knots in his belt, clothes, and wrists. The manuscript \u201cKemalname-i K\u00fcr\u00fcml\u00fc Baba\u201d about the knotted father book is in the S\u00fcleymaniye Library.<\/p>\n<p>This area was taken under protection by Amasra Municipality in 2015, but the historical cemetery areas around it were opened for development and surrounded by residences.<\/p>","protected":false},"excerpt":{"rendered":"<p>Eski bir ada olan bu tepecik, Eski Amasra mezarl\u0131\u011f\u0131n\u0131n ortas\u0131nda dua ve dilek noktas\u0131yd\u0131. Ba\u015fka kentlerdeki &#8220;H\u0131d\u0131rl\u0131k&#8221; lar gibi Amasra&#8217;n\u0131n kutsal\u0131 da burada bir Nak\u015fibendi dergah\u0131, \u00e7evresinde de \u015feyhlerin ve dervi\u015flerin mezarl\u0131klar\u0131 vard\u0131r. Tekke vakf\u0131n\u0131n m\u00fctevellileri ve \u015feyhleri, babadan o\u011fula Alemdaro\u011fullar\u0131 ailesindendi. Son d\u00f6nem \u015feyhlerinden Yahya Edendinin (19. yy. 2. yat\u0131s\u0131) o\u011flu Haf\u0131z Mustafa, gemilerden [&hellip;]<\/p>\n","protected":false},"author":1,"featured_media":13673,"comment_status":"open","ping_status":"open","sticky":false,"template":"","format":"standard","meta":{"footnotes":""},"categories":[89,29],"tags":[],"class_list":["post-13672","post","type-post","status-publish","format-standard","has-post-thumbnail","hentry","category-amasra-haberleri","category-gezilecek-yerler"],"_links":{"self":[{"href":"https:\/\/amasra.com.tr\/en\/wp-json\/wp\/v2\/posts\/13672","targetHints":{"allow":["GET"]}}],"collection":[{"href":"https:\/\/amasra.com.tr\/en\/wp-json\/wp\/v2\/posts"}],"about":[{"href":"https:\/\/amasra.com.tr\/en\/wp-json\/wp\/v2\/types\/post"}],"author":[{"embeddable":true,"href":"https:\/\/amasra.com.tr\/en\/wp-json\/wp\/v2\/users\/1"}],"replies":[{"embeddable":true,"href":"https:\/\/amasra.com.tr\/en\/wp-json\/wp\/v2\/comments?post=13672"}],"version-history":[{"count":0,"href":"https:\/\/amasra.com.tr\/en\/wp-json\/wp\/v2\/posts\/13672\/revisions"}],"wp:featuredmedia":[{"embeddable":true,"href":"https:\/\/amasra.com.tr\/en\/wp-json\/wp\/v2\/media\/13673"}],"wp:attachment":[{"href":"https:\/\/amasra.com.tr\/en\/wp-json\/wp\/v2\/media?parent=13672"}],"wp:term":[{"taxonomy":"category","embeddable":true,"href":"https:\/\/amasra.com.tr\/en\/wp-json\/wp\/v2\/categories?post=13672"},{"taxonomy":"post_tag","embeddable":true,"href":"https:\/\/amasra.com.tr\/en\/wp-json\/wp\/v2\/tags?post=13672"}],"curies":[{"name":"wp","href":"https:\/\/api.w.org\/{rel}","templated":true}]}}