{"id":9399,"date":"2014-12-22T16:58:39","date_gmt":"2014-12-22T14:58:39","guid":{"rendered":"http:\/\/amasra.com.tr\/?p=9399"},"modified":"2014-12-22T16:59:41","modified_gmt":"2014-12-22T14:59:41","slug":"opening-the-tunnels","status":"publish","type":"post","link":"https:\/\/amasra.com.tr\/en\/tuneller-aciliyor\/","title":{"rendered":"Tunnels are Opening!"},"content":{"rendered":"<h2><span style=\"font-size: 14pt;\"><a href=\"http:\/\/amasra.com.tr\/wp-content\/uploads\/2014\/12\/amasra-bartin-tuneli.jpg\"><img loading=\"lazy\" decoding=\"async\" class=\"size-medium wp-image-9404 alignright\" src=\"http:\/\/amasra.com.tr\/wp-content\/uploads\/2014\/12\/amasra-bartin-tuneli-230x230.jpg\" alt=\"amasra-bartin-tuneli\" width=\"230\" height=\"230\" srcset=\"https:\/\/amasra.com.tr\/wp-content\/uploads\/2014\/12\/amasra-bartin-tuneli-230x230.jpg 230w, https:\/\/amasra.com.tr\/wp-content\/uploads\/2014\/12\/amasra-bartin-tuneli-167x167.jpg 167w, https:\/\/amasra.com.tr\/wp-content\/uploads\/2014\/12\/amasra-bartin-tuneli-50x50.jpg 50w\" sizes=\"auto, (max-width: 230px) 100vw, 230px\" \/><\/a>Amasra and \u00c7akraz Tunnels are Opening!<\/span><\/h2>\n<p><span style=\"font-size: 12pt;\"><strong>Tunnels Open on December 24!<\/strong><\/span><\/p>\n<p><span style=\"font-size: 12pt;\">AK Party Bart\u0131n Deputy, GNAT Justice Commission Spokesperson, Y\u0131lmaz Tun\u00e7, stated that the Minister of Transport, Maritime Affairs and Communications, L\u00fctfi Elvan, will come to Bart\u0131n on Wednesday, December 24, to open the Amasra and \u00c7akraz Tunnels.<\/span><\/p>\n<p><span style=\"font-size: 12pt;\">AK Party Bart\u0131n Deputy <strong>Y\u0131lmaz Tun\u00e7, Spokesperson of the Turkish Grand National Assembly Justice Commission,<\/strong> Minister of Transport, Maritime Affairs and Communications <strong>L\u00fctfi Elvan&#039;s<\/strong> To realize the openings of Amasra and \u00c7akraz Tunnels<strong> To Bart\u0131n on Wednesday, December 24th<\/strong> He stated that he would come.<\/span><\/p>\n<p><span style=\"font-size: 12pt;\">Deputy Tun\u00e7, whose construction started in May 2012 <strong>Amasra-Bart\u0131n<\/strong> 1100 meter long Amasra Tunnel and B.<strong>One of the 5 Tunnels on the Art\u0131n-Kuruca\u015file road<\/strong> and construction works have been completed <strong>Chakraz-Idler<\/strong> At the ceremony to be held with the participation of the Minister of Transport and Maritime Affairs, Mr. L\u00fctfi Elvan, of the 968-meter-long \u00c7akraz Tunnel between<strong> On Wednesday, December 24<\/strong> He said that it would be opened to transportation.<img loading=\"lazy\" decoding=\"async\" class=\"alignleft size-medium wp-image-9401\" src=\"http:\/\/amasra.com.tr\/wp-content\/uploads\/2014\/12\/amasra-tunel-yolu-230x230.jpg\" alt=\"amasra-tunel-road\" width=\"230\" height=\"230\" srcset=\"https:\/\/amasra.com.tr\/wp-content\/uploads\/2014\/12\/amasra-tunel-yolu-230x230.jpg 230w, https:\/\/amasra.com.tr\/wp-content\/uploads\/2014\/12\/amasra-tunel-yolu-167x167.jpg 167w, https:\/\/amasra.com.tr\/wp-content\/uploads\/2014\/12\/amasra-tunel-yolu-50x50.jpg 50w\" sizes=\"auto, (max-width: 230px) 100vw, 230px\" \/><\/span><\/p>\n<p><span style=\"font-size: 12pt;\">Deputy Tun\u00e7, with the opening of the Amasra tunnel, <strong>Bartin-Amasra<\/strong> He stated that the transportation between the cities will be carried out in a safer and shorter distance in 5 minutes instead of the winding roads that take 30 minutes, and that the tunnel and connection roads will make a great contribution to the tourism potential of Amasra and Bart\u0131n.<\/span><\/p>\n<p><span style=\"font-size: 12pt;\">Deputy Tun\u00e7 said that the project work of the \u00c7akraz-Kuruca\u015file road, which they included in the program in 2010, was completed in 2011 and they made the construction tender, and then they started the road construction works and the work is currently continuing rapidly, 54 km. long Bart\u0131n-Kuruca\u015file road <a title=\"chakra\" href=\"http:\/\/amasra.com.tr\/en\/cakraz-holiday-cove\/\">&#039;\u00c7akraz&#039;<\/a>He stated that they opened the 25 km section up to and including the highway as a divided road.<\/span><\/p>\n<p><span style=\"font-size: 12pt;\">In the project, which includes the construction of 5 tunnels, 2 viaducts and 10 bridges, the first of the tunnels, 968 meters long, will be opened to transportation. <strong>Cakraz Tunnel<\/strong> Deputy Tun\u00e7 stated that the second tunnel is the 2600-meter-long Cumayani tunnel and that the opening works of this tunnel have been completed and the construction of the Dizlermezeci viaduct at the tunnel exit is about to be completed. Stating that the supply tender for the \u00c7akraz-Kuruca\u015file road will be held in the coming days and the work will accelerate, Deputy Tun\u00e7 said that 5 tunnels have a length of 12\u00d72-24 km. He said that it will be built in length and that the completed area between Kuruca\u015file and Cide will also be included in the construction program.<img loading=\"lazy\" decoding=\"async\" class=\"size-medium wp-image-9402 alignright\" src=\"http:\/\/amasra.com.tr\/wp-content\/uploads\/2014\/12\/amasra-tuneli-230x230.jpg\" alt=\"amasra-tunnel\" width=\"230\" height=\"230\" srcset=\"https:\/\/amasra.com.tr\/wp-content\/uploads\/2014\/12\/amasra-tuneli-230x230.jpg 230w, https:\/\/amasra.com.tr\/wp-content\/uploads\/2014\/12\/amasra-tuneli-167x167.jpg 167w, https:\/\/amasra.com.tr\/wp-content\/uploads\/2014\/12\/amasra-tuneli-50x50.jpg 50w\" sizes=\"auto, (max-width: 230px) 100vw, 230px\" \/><\/span><\/p>\n<p><span style=\"font-size: 12pt;\">Deputy Tun\u00e7, <strong>Wednesday, December 24, 2014<\/strong> day <strong>Amasra and Cakraz<\/strong> He stated that the opening of the tunnels will be held with the participation of the Minister of Transport, L\u00fctfi Elvan, and that they invited all the people of Bart\u0131n to the opening to experience this historical moment together.<\/span><\/p>","protected":false},"excerpt":{"rendered":"<p>Amasra ve \u00c7akraz T\u00fcnelleri A\u00e7\u0131l\u0131yor! T\u00fcneller 24 Aral\u0131kta A\u00e7\u0131l\u0131yor! Ak Parti Bart\u0131n Milletvekili TBMM Adalet Komisyonu S\u00f6zc\u00fcs\u00fc Y\u0131lmaz Tun\u00e7, Ula\u015ft\u0131rma Denizcilik ve Haberle\u015fme Bakan\u0131 L\u00fctfi Elvan\u2019\u0131n Amasra ve \u00c7akraz T\u00fcnellerinin a\u00e7\u0131l\u0131\u015flar\u0131n\u0131 ger\u00e7ekle\u015ftirmek i\u00e7in 24 Aral\u0131k \u00c7ar\u015famba G\u00fcn\u00fc Bart\u0131n\u2019a gelece\u011fini\u00a0bildirdi. Ak Parti Bart\u0131n Milletvekili TBMM Adalet Komisyonu S\u00f6zc\u00fcs\u00fc Y\u0131lmaz Tun\u00e7, Ula\u015ft\u0131rma Denizcilik ve Haberle\u015fme Bakan\u0131 L\u00fctfi [&hellip;]<\/p>\n","protected":false},"author":1,"featured_media":0,"comment_status":"open","ping_status":"open","sticky":false,"template":"","format":"standard","meta":{"footnotes":""},"categories":[89,1],"tags":[],"class_list":["post-9399","post","type-post","status-publish","format-standard","hentry","category-amasra-haberleri","category-genel"],"_links":{"self":[{"href":"https:\/\/amasra.com.tr\/en\/wp-json\/wp\/v2\/posts\/9399","targetHints":{"allow":["GET"]}}],"collection":[{"href":"https:\/\/amasra.com.tr\/en\/wp-json\/wp\/v2\/posts"}],"about":[{"href":"https:\/\/amasra.com.tr\/en\/wp-json\/wp\/v2\/types\/post"}],"author":[{"embeddable":true,"href":"https:\/\/amasra.com.tr\/en\/wp-json\/wp\/v2\/users\/1"}],"replies":[{"embeddable":true,"href":"https:\/\/amasra.com.tr\/en\/wp-json\/wp\/v2\/comments?post=9399"}],"version-history":[{"count":0,"href":"https:\/\/amasra.com.tr\/en\/wp-json\/wp\/v2\/posts\/9399\/revisions"}],"wp:attachment":[{"href":"https:\/\/amasra.com.tr\/en\/wp-json\/wp\/v2\/media?parent=9399"}],"wp:term":[{"taxonomy":"category","embeddable":true,"href":"https:\/\/amasra.com.tr\/en\/wp-json\/wp\/v2\/categories?post=9399"},{"taxonomy":"post_tag","embeddable":true,"href":"https:\/\/amasra.com.tr\/en\/wp-json\/wp\/v2\/tags?post=9399"}],"curies":[{"name":"wp","href":"https:\/\/api.w.org\/{rel}","templated":true}]}}