{"id":11229,"date":"2016-02-26T23:19:17","date_gmt":"2016-02-26T21:19:17","guid":{"rendered":"http:\/\/amasra.com.tr\/?p=11229"},"modified":"2016-02-26T23:22:16","modified_gmt":"2016-02-26T21:22:16","slug":"saludos-de-amasra-a-artvin","status":"publish","type":"post","link":"https:\/\/amasra.com.tr\/es\/amasradan-artvine-selam-olsun\/","title":{"rendered":"\u00a1Saludos de Amasra a Artvin!"},"content":{"rendered":"<p>Dig\u00e1mosle a la Resistencia Artvin de Amasra<\/p>\n<p>Hoy se hizo un comunicado de prensa en el Parque Cultural de Amasra en apoyo a los esfuerzos de la empresa HEMA para establecer una planta de energ\u00eda t\u00e9rmica en Amasra, candidata al Patrimonio Mundial de la UNESCO, y para apoyar a la gente de Artvin, que ha experimentado los mismos juegos.<\/p>\n<p><a href=\"http:\/\/amasra.com.tr\/es\/saludos-de-amasra-a-artvin\/resistencia-artvin-amasra\/\" rel=\"attachment wp-att-11234\"><img loading=\"lazy\" decoding=\"async\" class=\"alignnone size-medium wp-image-11234\" src=\"http:\/\/amasra.com.tr\/wp-content\/uploads\/2016\/02\/artvin-amasra-direnis-230x230.jpg\" alt=\"artvin-amasra-direnis\" width=\"230\" height=\"230\" srcset=\"https:\/\/amasra.com.tr\/wp-content\/uploads\/2016\/02\/artvin-amasra-direnis-230x230.jpg 230w, https:\/\/amasra.com.tr\/wp-content\/uploads\/2016\/02\/artvin-amasra-direnis-167x167.jpg 167w, https:\/\/amasra.com.tr\/wp-content\/uploads\/2016\/02\/artvin-amasra-direnis-50x50.jpg 50w\" sizes=\"auto, (max-width: 230px) 100vw, 230px\" \/><\/a> <a href=\"http:\/\/amasra.com.tr\/es\/saludos-de-amasra-a-artvin\/artvin-direnisi\/\" rel=\"attachment wp-att-11233\"><img loading=\"lazy\" decoding=\"async\" class=\"alignnone size-medium wp-image-11233\" src=\"http:\/\/amasra.com.tr\/wp-content\/uploads\/2016\/02\/artvin-direnisi-230x230.jpg\" alt=\"resistencia-artvin\" width=\"230\" height=\"230\" srcset=\"https:\/\/amasra.com.tr\/wp-content\/uploads\/2016\/02\/artvin-direnisi-230x230.jpg 230w, https:\/\/amasra.com.tr\/wp-content\/uploads\/2016\/02\/artvin-direnisi-167x167.jpg 167w, https:\/\/amasra.com.tr\/wp-content\/uploads\/2016\/02\/artvin-direnisi-50x50.jpg 50w\" sizes=\"auto, (max-width: 230px) 100vw, 230px\" \/><\/a> <a href=\"http:\/\/amasra.com.tr\/es\/saludos-de-amasra-a-artvin\/amasra-artvin\/\" rel=\"attachment wp-att-11232\"><img loading=\"lazy\" decoding=\"async\" class=\"alignnone size-medium wp-image-11232\" src=\"http:\/\/amasra.com.tr\/wp-content\/uploads\/2016\/02\/amasra-artvin--230x230.jpg\" alt=\"amasra-artvin-\" width=\"230\" height=\"230\" srcset=\"https:\/\/amasra.com.tr\/wp-content\/uploads\/2016\/02\/amasra-artvin--230x230.jpg 230w, https:\/\/amasra.com.tr\/wp-content\/uploads\/2016\/02\/amasra-artvin--167x167.jpg 167w, https:\/\/amasra.com.tr\/wp-content\/uploads\/2016\/02\/amasra-artvin--50x50.jpg 50w\" sizes=\"auto, (max-width: 230px) 100vw, 230px\" \/><\/a> <a href=\"http:\/\/amasra.com.tr\/es\/saludos-de-amasra-a-artvin\/apoyo-de-amasra-a-artvin\/\" rel=\"attachment wp-att-11231\"><img loading=\"lazy\" decoding=\"async\" class=\"alignnone size-medium wp-image-11231\" src=\"http:\/\/amasra.com.tr\/wp-content\/uploads\/2016\/02\/amasradan-artvine-destek-230x230.jpg\" alt=\"apoyo-artvin-de-amasra\" width=\"230\" height=\"230\" srcset=\"https:\/\/amasra.com.tr\/wp-content\/uploads\/2016\/02\/amasradan-artvine-destek-230x230.jpg 230w, https:\/\/amasra.com.tr\/wp-content\/uploads\/2016\/02\/amasradan-artvine-destek-167x167.jpg 167w, https:\/\/amasra.com.tr\/wp-content\/uploads\/2016\/02\/amasradan-artvine-destek-50x50.jpg 50w\" sizes=\"auto, (max-width: 230px) 100vw, 230px\" \/><\/a> <a href=\"http:\/\/amasra.com.tr\/wp-content\/uploads\/2016\/02\/artvin-maden-tesisi.jpg\" rel=\"attachment wp-att-11230\"><img loading=\"lazy\" decoding=\"async\" class=\"alignnone size-medium wp-image-11230\" src=\"http:\/\/amasra.com.tr\/wp-content\/uploads\/2016\/02\/artvin-maden-tesisi-230x230.jpg\" alt=\"instalaciones-mineras-artvin\" width=\"230\" height=\"230\" srcset=\"https:\/\/amasra.com.tr\/wp-content\/uploads\/2016\/02\/artvin-maden-tesisi-230x230.jpg 230w, https:\/\/amasra.com.tr\/wp-content\/uploads\/2016\/02\/artvin-maden-tesisi-167x167.jpg 167w, https:\/\/amasra.com.tr\/wp-content\/uploads\/2016\/02\/artvin-maden-tesisi-50x50.jpg 50w\" sizes=\"auto, (max-width: 230px) 100vw, 230px\" \/><\/a><\/p>\n<p>(Fotos: Kerim Boz y H\u00fcseyin \u00c7oban)<\/p>\n<div class=\"news-detail-spot\">\n<h2 class=\"selectionShareable\">Si bien las discusiones sobre la mina que se planea explotar en Artvin Cerattepe fueron un tema importante de discusi\u00f3n en la agenda, se obtuvo informaci\u00f3n importante de una reuni\u00f3n celebrada hoy en Ankara. Seg\u00fan la informaci\u00f3n compartida a trav\u00e9s del municipio de Artvin, que se incluy\u00f3 en la reuni\u00f3n de la delegaci\u00f3n con el primer ministro Davuto\u011flu, se detuvo la actividad minera en Cerattepe. El Primer Ministro habl\u00f3 sobre Cerattepe en la ceremonia de inauguraci\u00f3n de 42 instalaciones en Konya.<\/h2>\n<\/div>\n<div class=\"news-box\">\n<p class=\"selectionShareable\">El primer ministro Ahmet Davuto\u011flu hizo declaraciones sobre la instalaci\u00f3n minera en Artvin en su discurso en la ceremonia de inauguraci\u00f3n de 42 instalaciones en Konya.<\/p>\n<p class=\"selectionShareable\">El Primer Ministro Ahmet Davuto\u011flu dijo que han dado las garant\u00edas necesarias a los representantes de ambientalistas, organizaciones no gubernamentales y la gente de la regi\u00f3n con respecto a la mina de cobre Artvin Cerattepe, cuya construcci\u00f3n se ha detenido hasta que termine el proceso legal, pero que definitivamente proteger\u00e1 el orden p\u00fablico si contin\u00faan las manifestaciones ilegales contra la construcci\u00f3n de minas en la regi\u00f3n.<\/p>\n<p class=\"selectionShareable\">Davuto\u011flu dijo: \u201cLes di algunas garant\u00edas en nombre de nuestro gobierno. En primer lugar, se paralizar\u00e1n las obras en Cerattepe hasta que se firme la decisi\u00f3n judicial. Todos respetar\u00e1n la ley\u2026 Nunca permitiremos que se abuse de este tema. La decisi\u00f3n que tomamos en Cerattepe demuestra el valor que le damos al medio ambiente\u201d.<\/p>\n<\/div>\n<p>&nbsp;<\/p>\n<p>&nbsp;<\/p>","protected":false},"excerpt":{"rendered":"<p>Amasra&#8217;dan Artvin Direni\u015fine Desek Geldi Y\u0131llard\u0131r HEMA \u015firketinin UNESCO D\u00fcnya miras\u0131 aday\u0131 Amasra&#8217;ya termik santral kurmak i\u00e7in g\u00f6sterdi\u011fi \u00e7aba ve oyunlar\u0131n bir benzerini ya\u015fayan Artvin halk\u0131na destek i\u00e7in bugun Amasra K\u00fclt\u00fcr Park\u0131&#8217;nda toplan\u0131l\u0131p bas\u0131n a\u00e7\u0131klamas\u0131 yap\u0131ld\u0131&#8230; (Foto\u011fraflar: Kerim Boz ve H\u00fcseyin \u00c7oban) Artvin Cerattepe&#8217;de \u00e7\u0131kar\u0131lmas\u0131 planlanan madenle ilgili tart\u0131\u015fmalar g\u00fcndemin \u00f6nemli tart\u0131\u015fma konusu olurken, bug\u00fcn [&hellip;]<\/p>\n","protected":false},"author":1,"featured_media":11233,"comment_status":"open","ping_status":"open","sticky":false,"template":"","format":"standard","meta":{"footnotes":""},"categories":[89,1],"tags":[],"class_list":["post-11229","post","type-post","status-publish","format-standard","has-post-thumbnail","hentry","category-amasra-haberleri","category-genel"],"_links":{"self":[{"href":"https:\/\/amasra.com.tr\/es\/wp-json\/wp\/v2\/posts\/11229","targetHints":{"allow":["GET"]}}],"collection":[{"href":"https:\/\/amasra.com.tr\/es\/wp-json\/wp\/v2\/posts"}],"about":[{"href":"https:\/\/amasra.com.tr\/es\/wp-json\/wp\/v2\/types\/post"}],"author":[{"embeddable":true,"href":"https:\/\/amasra.com.tr\/es\/wp-json\/wp\/v2\/users\/1"}],"replies":[{"embeddable":true,"href":"https:\/\/amasra.com.tr\/es\/wp-json\/wp\/v2\/comments?post=11229"}],"version-history":[{"count":0,"href":"https:\/\/amasra.com.tr\/es\/wp-json\/wp\/v2\/posts\/11229\/revisions"}],"wp:featuredmedia":[{"embeddable":true,"href":"https:\/\/amasra.com.tr\/es\/wp-json\/wp\/v2\/media\/11233"}],"wp:attachment":[{"href":"https:\/\/amasra.com.tr\/es\/wp-json\/wp\/v2\/media?parent=11229"}],"wp:term":[{"taxonomy":"category","embeddable":true,"href":"https:\/\/amasra.com.tr\/es\/wp-json\/wp\/v2\/categories?post=11229"},{"taxonomy":"post_tag","embeddable":true,"href":"https:\/\/amasra.com.tr\/es\/wp-json\/wp\/v2\/tags?post=11229"}],"curies":[{"name":"wp","href":"https:\/\/api.w.org\/{rel}","templated":true}]}}