{"id":12128,"date":"2016-08-13T18:55:29","date_gmt":"2016-08-13T15:55:29","guid":{"rendered":"http:\/\/amasra.com.tr\/?p=12128"},"modified":"2016-08-13T18:55:50","modified_gmt":"2016-08-13T15:55:50","slug":"amasra-tuneli-sel-nedeniyle-kapandi","status":"publish","type":"post","link":"https:\/\/amasra.com.tr\/es\/amasra-tuneli-sel-nedeniyle-kapandi\/","title":{"rendered":"\u00a1T\u00fanel de Amasra cerrado debido a una inundaci\u00f3n!"},"content":{"rendered":"<p>El t\u00fanel abierto entre Amasra y Bart\u0131n en 2015 se cerr\u00f3 debido a las fuertes lluvias que comenzaron anoche.<\/p>\n<p><a href=\"http:\/\/amasra.com.tr\/wp-content\/uploads\/2016\/08\/amasra-tuneli.jpg\"><img loading=\"lazy\" decoding=\"async\" class=\"alignnone size-medium wp-image-12132\" src=\"http:\/\/amasra.com.tr\/wp-content\/uploads\/2016\/08\/amasra-tuneli-230x230.jpg\" alt=\"T\u00fanel de amasra\" width=\"230\" height=\"230\" srcset=\"https:\/\/amasra.com.tr\/wp-content\/uploads\/2016\/08\/amasra-tuneli-230x230.jpg 230w, https:\/\/amasra.com.tr\/wp-content\/uploads\/2016\/08\/amasra-tuneli-167x167.jpg 167w, https:\/\/amasra.com.tr\/wp-content\/uploads\/2016\/08\/amasra-tuneli-50x50.jpg 50w\" sizes=\"auto, (max-width: 230px) 100vw, 230px\" \/><\/a> <a href=\"http:\/\/amasra.com.tr\/wp-content\/uploads\/2016\/08\/amasra-sel.jpg\"><img loading=\"lazy\" decoding=\"async\" class=\"alignnone size-medium wp-image-12131\" src=\"http:\/\/amasra.com.tr\/wp-content\/uploads\/2016\/08\/amasra-sel-230x230.jpg\" alt=\"amasra-sel\" width=\"230\" height=\"230\" srcset=\"https:\/\/amasra.com.tr\/wp-content\/uploads\/2016\/08\/amasra-sel-230x230.jpg 230w, https:\/\/amasra.com.tr\/wp-content\/uploads\/2016\/08\/amasra-sel-167x167.jpg 167w, https:\/\/amasra.com.tr\/wp-content\/uploads\/2016\/08\/amasra-sel-50x50.jpg 50w\" sizes=\"auto, (max-width: 230px) 100vw, 230px\" \/><\/a> \u00a0<a href=\"http:\/\/amasra.com.tr\/wp-content\/uploads\/2016\/08\/amasra-tuneli-sel-nedeniyle-kapansi.jpg\"><img loading=\"lazy\" decoding=\"async\" class=\"alignnone size-medium wp-image-12129\" src=\"http:\/\/amasra.com.tr\/wp-content\/uploads\/2016\/08\/amasra-tuneli-sel-nedeniyle-kapansi-230x230.jpg\" alt=\"t\u00fanel-de-amasra-debido-al-cierre-de-inundaciones\" width=\"230\" height=\"230\" srcset=\"https:\/\/amasra.com.tr\/wp-content\/uploads\/2016\/08\/amasra-tuneli-sel-nedeniyle-kapansi-230x230.jpg 230w, https:\/\/amasra.com.tr\/wp-content\/uploads\/2016\/08\/amasra-tuneli-sel-nedeniyle-kapansi-167x167.jpg 167w, https:\/\/amasra.com.tr\/wp-content\/uploads\/2016\/08\/amasra-tuneli-sel-nedeniyle-kapansi-50x50.jpg 50w\" sizes=\"auto, (max-width: 230px) 100vw, 230px\" \/><\/a><\/p>\n<p>&nbsp;<\/p>","protected":false},"excerpt":{"rendered":"<p>El t\u00fanel abierto entre Amasra y Bart\u0131n en 2015 se cerr\u00f3 debido a las fuertes lluvias que comenzaron anoche. \u00a0 &nbsp;<\/p>","protected":false},"author":1,"featured_media":12132,"comment_status":"open","ping_status":"open","sticky":false,"template":"","format":"standard","meta":{"footnotes":""},"categories":[1,89],"tags":[],"class_list":["post-12128","post","type-post","status-publish","format-standard","has-post-thumbnail","hentry","category-genel","category-amasra-haberleri"],"_links":{"self":[{"href":"https:\/\/amasra.com.tr\/es\/wp-json\/wp\/v2\/posts\/12128","targetHints":{"allow":["GET"]}}],"collection":[{"href":"https:\/\/amasra.com.tr\/es\/wp-json\/wp\/v2\/posts"}],"about":[{"href":"https:\/\/amasra.com.tr\/es\/wp-json\/wp\/v2\/types\/post"}],"author":[{"embeddable":true,"href":"https:\/\/amasra.com.tr\/es\/wp-json\/wp\/v2\/users\/1"}],"replies":[{"embeddable":true,"href":"https:\/\/amasra.com.tr\/es\/wp-json\/wp\/v2\/comments?post=12128"}],"version-history":[{"count":0,"href":"https:\/\/amasra.com.tr\/es\/wp-json\/wp\/v2\/posts\/12128\/revisions"}],"wp:featuredmedia":[{"embeddable":true,"href":"https:\/\/amasra.com.tr\/es\/wp-json\/wp\/v2\/media\/12132"}],"wp:attachment":[{"href":"https:\/\/amasra.com.tr\/es\/wp-json\/wp\/v2\/media?parent=12128"}],"wp:term":[{"taxonomy":"category","embeddable":true,"href":"https:\/\/amasra.com.tr\/es\/wp-json\/wp\/v2\/categories?post=12128"},{"taxonomy":"post_tag","embeddable":true,"href":"https:\/\/amasra.com.tr\/es\/wp-json\/wp\/v2\/tags?post=12128"}],"curies":[{"name":"wp","href":"https:\/\/api.w.org\/{rel}","templated":true}]}}