{"id":13151,"date":"2019-06-19T10:21:32","date_gmt":"2019-06-19T07:21:32","guid":{"rendered":"http:\/\/amasra.com.tr\/?p=13151"},"modified":"2019-06-20T16:31:19","modified_gmt":"2019-06-20T13:31:19","slug":"amasrali-olimpiyat-sporcusu-aemilianus","status":"publish","type":"post","link":"https:\/\/amasra.com.tr\/es\/amasrali-olimpiyat-sporcusu-aemilianus\/","title":{"rendered":"\u00a1Atleta ol\u00edmpico Emilianus de Amasra!"},"content":{"rendered":"<p>En una l\u00e1pida de Amasra se encontr\u00f3 una estatua de un atleta que gan\u00f3 una medalla en los Juegos Ol\u00edmpicos, que data del a\u00f1o 155 d.C.<\/p>\n<blockquote><p><span style=\"font-size: 14pt;\"><em>\u201cA los treinta a\u00f1os, mi padre me llam\u00f3 Emiliano. G\u00e9mino, que proven\u00eda de una familia noble, fue mi ni\u00f1era e institutriz. Con una creencia m\u00edstica, particip\u00e9 en las festividades celebradas quemando personas con fuego para el Dios Euios. Era experto en lucha libre, lanzamiento de lanza, p\u00e1ncreas, lanzamiento de disco, carrera, salto y todos los juegos de pelota r\u00edtmicos. Mi entrenador fue quien me prepar\u00f3 para el \u00e9xito en todos estos deportes. Venc\u00ed a C\u00edzico y P\u00e9rgamo en s\u00e1tiro y yo mismo llev\u00e9 la corona de C\u00edzico. Sin embargo, la celosa Moira me neg\u00f3 la Corona de P\u00e9rgamo. La muerte destruy\u00f3 mi cuerpo en la provincia de Dor. Mi educador Geminoz llev\u00f3 mis huesos a Amastris y los dej\u00f3 para la eternidad en un cofre de piedra decorado con coronas...&quot;<\/em><\/span><\/p><\/blockquote>\n<p>l\u00e1pida sepulcral <a href=\"http:\/\/amasra.com.tr\/es\/museo-amasra\/\" target=\"_blank\" rel=\"noopener\"><strong>Museo Amasra<\/strong><\/a>Puedes verlo en.<\/p>\n<p>&nbsp;<\/p>","protected":false},"excerpt":{"rendered":"<p>Amasra&#8217;da bulunan bir mezar ta\u015f\u0131nda MS 155 y\u0131l\u0131na ait olimpiyatlarda madalya kazanm\u0131\u015f bir sporcucunun heykeli bulundu. &#8220;Otuzuncu ya\u015f y\u0131l\u0131nda, ad\u0131m\u0131 Aemilianus olarak babam koymu\u015ftu. \u00a0Soylu bir aileden gelen Geminos, dad\u0131m ve m\u00fcrebbiyemdi. Tanr\u0131 Euios i\u00e7in ate\u015fle yak\u0131larak kutlanan \u015fenliklere mistik bir inan\u0131\u015fla bende kat\u0131ld\u0131m. G\u00fcre\u015fte, m\u0131zrak atmada, pankreasta, disk atmada, ko\u015fuda, atlamada ve b\u00fct\u00fcn ritmik [&hellip;]<\/p>\n","protected":false},"author":402,"featured_media":12866,"comment_status":"open","ping_status":"open","sticky":false,"template":"","format":"standard","meta":{"footnotes":""},"categories":[1],"tags":[],"class_list":["post-13151","post","type-post","status-publish","format-standard","has-post-thumbnail","hentry","category-genel"],"_links":{"self":[{"href":"https:\/\/amasra.com.tr\/es\/wp-json\/wp\/v2\/posts\/13151","targetHints":{"allow":["GET"]}}],"collection":[{"href":"https:\/\/amasra.com.tr\/es\/wp-json\/wp\/v2\/posts"}],"about":[{"href":"https:\/\/amasra.com.tr\/es\/wp-json\/wp\/v2\/types\/post"}],"author":[{"embeddable":true,"href":"https:\/\/amasra.com.tr\/es\/wp-json\/wp\/v2\/users\/402"}],"replies":[{"embeddable":true,"href":"https:\/\/amasra.com.tr\/es\/wp-json\/wp\/v2\/comments?post=13151"}],"version-history":[{"count":0,"href":"https:\/\/amasra.com.tr\/es\/wp-json\/wp\/v2\/posts\/13151\/revisions"}],"wp:featuredmedia":[{"embeddable":true,"href":"https:\/\/amasra.com.tr\/es\/wp-json\/wp\/v2\/media\/12866"}],"wp:attachment":[{"href":"https:\/\/amasra.com.tr\/es\/wp-json\/wp\/v2\/media?parent=13151"}],"wp:term":[{"taxonomy":"category","embeddable":true,"href":"https:\/\/amasra.com.tr\/es\/wp-json\/wp\/v2\/categories?post=13151"},{"taxonomy":"post_tag","embeddable":true,"href":"https:\/\/amasra.com.tr\/es\/wp-json\/wp\/v2\/tags?post=13151"}],"curies":[{"name":"wp","href":"https:\/\/api.w.org\/{rel}","templated":true}]}}