{"id":13460,"date":"2026-07-27T12:30:00","date_gmt":"2026-07-27T09:30:00","guid":{"rendered":"http:\/\/amasra.com.tr\/?p=13460"},"modified":"2026-08-20T15:45:58","modified_gmt":"2026-08-20T12:45:58","slug":"seker-kanyonu-yenice-karabuk-fotograflar-konum","status":"publish","type":"post","link":"https:\/\/amasra.com.tr\/es\/seker-kanyonu-yenice-karabuk-fotograflar-konum\/","title":{"rendered":"Ca\u00f1\u00f3n \u015eeker (Yenice \u2013 Karab\u00fck) Fotos y ubicaci\u00f3n"},"content":{"rendered":"<p>Est\u00e1 dentro de los l\u00edmites del distrito Yenice de Karab\u00fck, que est\u00e1 a 1,5 horas de Amasra.<strong>\u00a0Ca\u00f1\u00f3n del Az\u00facar<\/strong> Est\u00e1 esperando abrazar a los amantes de la naturaleza.<\/p>\n<p>La casa del comedor de madera y el pasillo colgante que le esperan en la entrada son realmente fascinantes.<\/p>\n<p>Como puedes ver en las fotos, Sugar Canyon es un para\u00edso de maravillas naturales. Ya sea que quieras explorar la naturaleza desde el estrecho camino de entrada o avanzar a trav\u00e9s del ca\u00f1\u00f3n superando pistas desafiantes, \u00a1la elecci\u00f3n es tuya!<\/p>\n<h2><span style=\"font-size: 14pt;\">Ca\u00f1\u00f3n del Az\u00facar Fotos,<\/span><\/h2>\n<div id='gallery-1' class='gallery galleryid-13460 gallery-columns-3 gallery-size-medium'><figure class='gallery-item'>\n\t\t\t<div class='gallery-icon landscape'>\n\t\t\t\t<a href='https:\/\/amasra.com.tr\/wp-content\/uploads\/2017\/12\/seker-kanyonu-yenice-15.jpg'><img loading=\"lazy\" decoding=\"async\" width=\"230\" height=\"230\" src=\"https:\/\/amasra.com.tr\/wp-content\/uploads\/2017\/12\/seker-kanyonu-yenice-15-230x230.jpg\" class=\"attachment-medium size-medium\" alt=\"Seker Kanyonu Yenice \u2014 Amasra\" srcset=\"https:\/\/amasra.com.tr\/wp-content\/uploads\/2017\/12\/seker-kanyonu-yenice-15-230x230.jpg 230w, https:\/\/amasra.com.tr\/wp-content\/uploads\/2017\/12\/seker-kanyonu-yenice-15-167x167.jpg 167w, https:\/\/amasra.com.tr\/wp-content\/uploads\/2017\/12\/seker-kanyonu-yenice-15-50x50.jpg 50w\" sizes=\"auto, (max-width: 230px) 100vw, 230px\" \/><\/a>\n\t\t\t<\/div><\/figure><figure class='gallery-item'>\n\t\t\t<div class='gallery-icon landscape'>\n\t\t\t\t<a href='https:\/\/amasra.com.tr\/wp-content\/uploads\/2013\/11\/yenice-seker-kanyolnu-4.jpg'><img loading=\"lazy\" decoding=\"async\" width=\"230\" height=\"230\" src=\"https:\/\/amasra.com.tr\/wp-content\/uploads\/2013\/11\/yenice-seker-kanyolnu-4-230x230.jpg\" class=\"attachment-medium size-medium\" alt=\"Yenice Seker Kanyolnu \u2014 Amasra\" aria-describedby=\"gallery-1-3911\" srcset=\"https:\/\/amasra.com.tr\/wp-content\/uploads\/2013\/11\/yenice-seker-kanyolnu-4-230x230.jpg 230w, https:\/\/amasra.com.tr\/wp-content\/uploads\/2013\/11\/yenice-seker-kanyolnu-4-167x167.jpg 167w, https:\/\/amasra.com.tr\/wp-content\/uploads\/2013\/11\/yenice-seker-kanyolnu-4-50x50.jpg 50w\" sizes=\"auto, (max-width: 230px) 100vw, 230px\" \/><\/a>\n\t\t\t<\/div>\n\t\t\t\t<figcaption class='wp-caption-text gallery-caption' id='gallery-1-3911'>\n\t\t\t\tRestaurante Sugar Canyon y puente colgante de madera.\n\t\t\t\t<\/figcaption><\/figure><figure class='gallery-item'>\n\t\t\t<div class='gallery-icon landscape'>\n\t\t\t\t<a href='https:\/\/amasra.com.tr\/wp-content\/uploads\/2013\/11\/yenice-seker-kanyolnu-3.jpg'><img loading=\"lazy\" decoding=\"async\" width=\"230\" height=\"230\" src=\"https:\/\/amasra.com.tr\/wp-content\/uploads\/2013\/11\/yenice-seker-kanyolnu-3-230x230.jpg\" class=\"attachment-medium size-medium\" alt=\"\" aria-describedby=\"gallery-1-3910\" srcset=\"https:\/\/amasra.com.tr\/wp-content\/uploads\/2013\/11\/yenice-seker-kanyolnu-3-230x230.jpg 230w, https:\/\/amasra.com.tr\/wp-content\/uploads\/2013\/11\/yenice-seker-kanyolnu-3-167x167.jpg 167w, https:\/\/amasra.com.tr\/wp-content\/uploads\/2013\/11\/yenice-seker-kanyolnu-3-50x50.jpg 50w\" sizes=\"auto, (max-width: 230px) 100vw, 230px\" \/><\/a>\n\t\t\t<\/div>\n\t\t\t\t<figcaption class='wp-caption-text gallery-caption' id='gallery-1-3910'>\n\t\t\t\tUna vista desde los \u00e1rboles en el camino forestal.\n\t\t\t\t<\/figcaption><\/figure><figure class='gallery-item'>\n\t\t\t<div class='gallery-icon landscape'>\n\t\t\t\t<a href='https:\/\/amasra.com.tr\/wp-content\/uploads\/2017\/12\/seker-kanyonu-yenice-18.jpg'><img loading=\"lazy\" decoding=\"async\" width=\"230\" height=\"230\" src=\"https:\/\/amasra.com.tr\/wp-content\/uploads\/2017\/12\/seker-kanyonu-yenice-18-230x230.jpg\" class=\"attachment-medium size-medium\" alt=\"\" srcset=\"https:\/\/amasra.com.tr\/wp-content\/uploads\/2017\/12\/seker-kanyonu-yenice-18-230x230.jpg 230w, https:\/\/amasra.com.tr\/wp-content\/uploads\/2017\/12\/seker-kanyonu-yenice-18-167x167.jpg 167w, https:\/\/amasra.com.tr\/wp-content\/uploads\/2017\/12\/seker-kanyonu-yenice-18-50x50.jpg 50w\" sizes=\"auto, (max-width: 230px) 100vw, 230px\" \/><\/a>\n\t\t\t<\/div><\/figure><figure class='gallery-item'>\n\t\t\t<div class='gallery-icon landscape'>\n\t\t\t\t<a href='https:\/\/amasra.com.tr\/wp-content\/uploads\/2013\/11\/seker-kanyonu-amasra.jpg'><img loading=\"lazy\" decoding=\"async\" width=\"230\" height=\"230\" src=\"https:\/\/amasra.com.tr\/wp-content\/uploads\/2013\/11\/seker-kanyonu-amasra-230x230.jpg\" class=\"attachment-medium size-medium\" alt=\"\" srcset=\"https:\/\/amasra.com.tr\/wp-content\/uploads\/2013\/11\/seker-kanyonu-amasra-230x230.jpg 230w, https:\/\/amasra.com.tr\/wp-content\/uploads\/2013\/11\/seker-kanyonu-amasra-167x167.jpg 167w, https:\/\/amasra.com.tr\/wp-content\/uploads\/2013\/11\/seker-kanyonu-amasra-50x50.jpg 50w\" sizes=\"auto, (max-width: 230px) 100vw, 230px\" \/><\/a>\n\t\t\t<\/div><\/figure><figure class='gallery-item'>\n\t\t\t<div class='gallery-icon landscape'>\n\t\t\t\t<a href='https:\/\/amasra.com.tr\/wp-content\/uploads\/2013\/11\/yenice-seker-kanyolnu-1.jpg'><img loading=\"lazy\" decoding=\"async\" width=\"230\" height=\"230\" src=\"https:\/\/amasra.com.tr\/wp-content\/uploads\/2013\/11\/yenice-seker-kanyolnu-1-230x230.jpg\" class=\"attachment-medium size-medium\" alt=\"\" aria-describedby=\"gallery-1-3908\" srcset=\"https:\/\/amasra.com.tr\/wp-content\/uploads\/2013\/11\/yenice-seker-kanyolnu-1-230x230.jpg 230w, https:\/\/amasra.com.tr\/wp-content\/uploads\/2013\/11\/yenice-seker-kanyolnu-1-167x167.jpg 167w, https:\/\/amasra.com.tr\/wp-content\/uploads\/2013\/11\/yenice-seker-kanyolnu-1-50x50.jpg 50w\" sizes=\"auto, (max-width: 230px) 100vw, 230px\" \/><\/a>\n\t\t\t<\/div>\n\t\t\t\t<figcaption class='wp-caption-text gallery-caption' id='gallery-1-3908'>\n\t\t\t\tLa ruta que puedes hacer en coche.\n\t\t\t\t<\/figcaption><\/figure><figure class='gallery-item'>\n\t\t\t<div class='gallery-icon landscape'>\n\t\t\t\t<a href='https:\/\/amasra.com.tr\/wp-content\/uploads\/2013\/11\/yenice-seker-kanyolnu-2.jpg'><img loading=\"lazy\" decoding=\"async\" width=\"230\" height=\"230\" src=\"https:\/\/amasra.com.tr\/wp-content\/uploads\/2013\/11\/yenice-seker-kanyolnu-2-230x230.jpg\" class=\"attachment-medium size-medium\" alt=\"\" srcset=\"https:\/\/amasra.com.tr\/wp-content\/uploads\/2013\/11\/yenice-seker-kanyolnu-2-230x230.jpg 230w, https:\/\/amasra.com.tr\/wp-content\/uploads\/2013\/11\/yenice-seker-kanyolnu-2-167x167.jpg 167w, https:\/\/amasra.com.tr\/wp-content\/uploads\/2013\/11\/yenice-seker-kanyolnu-2-50x50.jpg 50w\" sizes=\"auto, (max-width: 230px) 100vw, 230px\" \/><\/a>\n\t\t\t<\/div><\/figure><figure class='gallery-item'>\n\t\t\t<div class='gallery-icon landscape'>\n\t\t\t\t<a href='https:\/\/amasra.com.tr\/wp-content\/uploads\/2017\/12\/seker-kanyonu-yenice-14.jpg'><img loading=\"lazy\" decoding=\"async\" width=\"230\" height=\"230\" src=\"https:\/\/amasra.com.tr\/wp-content\/uploads\/2017\/12\/seker-kanyonu-yenice-14-230x230.jpg\" class=\"attachment-medium size-medium\" alt=\"\" srcset=\"https:\/\/amasra.com.tr\/wp-content\/uploads\/2017\/12\/seker-kanyonu-yenice-14-230x230.jpg 230w, https:\/\/amasra.com.tr\/wp-content\/uploads\/2017\/12\/seker-kanyonu-yenice-14-167x167.jpg 167w, https:\/\/amasra.com.tr\/wp-content\/uploads\/2017\/12\/seker-kanyonu-yenice-14-50x50.jpg 50w\" sizes=\"auto, (max-width: 230px) 100vw, 230px\" \/><\/a>\n\t\t\t<\/div><\/figure><figure class='gallery-item'>\n\t\t\t<div class='gallery-icon portrait'>\n\t\t\t\t<a href='https:\/\/amasra.com.tr\/wp-content\/uploads\/2017\/12\/seker-kanyonu-yenice-12.jpg'><img loading=\"lazy\" decoding=\"async\" width=\"230\" height=\"230\" src=\"https:\/\/amasra.com.tr\/wp-content\/uploads\/2017\/12\/seker-kanyonu-yenice-12-230x230.jpg\" class=\"attachment-medium size-medium\" alt=\"\" srcset=\"https:\/\/amasra.com.tr\/wp-content\/uploads\/2017\/12\/seker-kanyonu-yenice-12-230x230.jpg 230w, https:\/\/amasra.com.tr\/wp-content\/uploads\/2017\/12\/seker-kanyonu-yenice-12-167x167.jpg 167w, https:\/\/amasra.com.tr\/wp-content\/uploads\/2017\/12\/seker-kanyonu-yenice-12-50x50.jpg 50w\" sizes=\"auto, (max-width: 230px) 100vw, 230px\" \/><\/a>\n\t\t\t<\/div><\/figure><figure class='gallery-item'>\n\t\t\t<div class='gallery-icon landscape'>\n\t\t\t\t<a href='https:\/\/amasra.com.tr\/wp-content\/uploads\/2017\/12\/seker-kanyonu-yenice.jpg'><img loading=\"lazy\" decoding=\"async\" width=\"230\" height=\"230\" src=\"https:\/\/amasra.com.tr\/wp-content\/uploads\/2017\/12\/seker-kanyonu-yenice-230x230.jpg\" class=\"attachment-medium size-medium\" alt=\"\" srcset=\"https:\/\/amasra.com.tr\/wp-content\/uploads\/2017\/12\/seker-kanyonu-yenice-230x230.jpg 230w, https:\/\/amasra.com.tr\/wp-content\/uploads\/2017\/12\/seker-kanyonu-yenice-167x167.jpg 167w, https:\/\/amasra.com.tr\/wp-content\/uploads\/2017\/12\/seker-kanyonu-yenice-50x50.jpg 50w\" sizes=\"auto, (max-width: 230px) 100vw, 230px\" \/><\/a>\n\t\t\t<\/div><\/figure><figure class='gallery-item'>\n\t\t\t<div class='gallery-icon landscape'>\n\t\t\t\t<a href='https:\/\/amasra.com.tr\/wp-content\/uploads\/2017\/12\/seker-kanyonu-yenice-4.jpg'><img loading=\"lazy\" decoding=\"async\" width=\"230\" height=\"230\" src=\"https:\/\/amasra.com.tr\/wp-content\/uploads\/2017\/12\/seker-kanyonu-yenice-4-230x230.jpg\" class=\"attachment-medium size-medium\" alt=\"\" srcset=\"https:\/\/amasra.com.tr\/wp-content\/uploads\/2017\/12\/seker-kanyonu-yenice-4-230x230.jpg 230w, https:\/\/amasra.com.tr\/wp-content\/uploads\/2017\/12\/seker-kanyonu-yenice-4-167x167.jpg 167w, https:\/\/amasra.com.tr\/wp-content\/uploads\/2017\/12\/seker-kanyonu-yenice-4-50x50.jpg 50w\" sizes=\"auto, (max-width: 230px) 100vw, 230px\" \/><\/a>\n\t\t\t<\/div><\/figure>\n\t\t<\/div>\n\n<h2><span style=\"font-size: 14pt;\">\u00bfD\u00f3nde queda Ca\u00f1\u00f3n Yenice \u015eeker?\u00a0<\/span><\/h2>\n<p>Puede utilizar nuestro mapa a continuaci\u00f3n para obtener indicaciones sobre c\u00f3mo llegar al Ca\u00f1\u00f3n Yenice \u015eeker.<\/p>\n<p><iframe loading=\"lazy\" style=\"border: 0;\" src=\"https:\/\/www.google.com\/maps\/embed?pb=!1m14!1m8!1m3!1d12007.657831506138!2d32.3687135!3d41.2018385!3m2!1i1024!2i768!4f13.1!3m3!1m2!1s0x0%3A0xabb1ded1724f5c63!2s%C5%9Eeker+Kanyonu!5e0!3m2!1sen!2str!4v1513418071135\" width=\"400\" height=\"300\" frameborder=\"0\" allowfullscreen=\"allowfullscreen\"><\/iframe><\/p>\n<p><!-- SSS-BASLANGIC --><\/p>\n<h2>S\u0131k\u00e7a Sorulan Sorular<\/h2>\n<div itemscope itemtype=\"https:\/\/schema.org\/FAQPage\">\n<div itemscope itemprop=\"mainEntity\" itemtype=\"https:\/\/schema.org\/Question\">\n<h3 itemprop=\"name\">\u015eeker Kanyonu nerede?<\/h3>\n<div itemscope itemprop=\"acceptedAnswer\" itemtype=\"https:\/\/schema.org\/Answer\">\n<div itemprop=\"text\">\n<p>Karab\u00fck&#8217;\u00fcn Yenice il\u00e7esi s\u0131n\u0131rlar\u0131 i\u00e7erisinde yer al\u0131r ve Amasra&#8217;ya yakla\u015f\u0131k 1,5 saat mesafededir.<\/p>\n<\/div>\n<\/div>\n<\/div>\n<div itemscope itemprop=\"mainEntity\" itemtype=\"https:\/\/schema.org\/Question\">\n<h3 itemprop=\"name\">\u015eeker Kanyonu&#8217;na nas\u0131l gidilir?<\/h3>\n<div itemscope itemprop=\"acceptedAnswer\" itemtype=\"https:\/\/schema.org\/Answer\">\n<div itemprop=\"text\">\n<p>Ara\u00e7la ula\u015f\u0131m m\u00fcmk\u00fcnd\u00fcr; kanyona giden dar bir araba yolu bulunmaktad\u0131r. Yaz\u0131m\u0131zdaki harita \u00fczerinden yol tarifi alabilirsiniz.<\/p>\n<\/div>\n<\/div>\n<\/div>\n<div itemscope itemprop=\"mainEntity\" itemtype=\"https:\/\/schema.org\/Question\">\n<h3 itemprop=\"name\">Kanyonda y\u00fcr\u00fcy\u00fc\u015f yap\u0131labilir mi?<\/h3>\n<div itemscope itemprop=\"acceptedAnswer\" itemtype=\"https:\/\/schema.org\/Answer\">\n<div itemprop=\"text\">\n<p>Evet. \u0130sterseniz dar araba yolundan do\u011fay\u0131 ke\u015ffedebilir, isterseniz kanyonun i\u00e7inden ge\u00e7en daha zorlu parkurlarda y\u00fcr\u00fcyebilirsiniz.<\/p>\n<\/div>\n<\/div>\n<\/div>\n<div itemscope itemprop=\"mainEntity\" itemtype=\"https:\/\/schema.org\/Question\">\n<h3 itemprop=\"name\">Kanyonda yeme i\u00e7me imk\u00e2n\u0131 var m\u0131?<\/h3>\n<div itemscope itemprop=\"acceptedAnswer\" itemtype=\"https:\/\/schema.org\/Answer\">\n<div itemprop=\"text\">\n<p>Giri\u015fte ah\u015fap bir yemek evi bulunmaktad\u0131r. Ayr\u0131ca kanyondaki asma ge\u00e7it, ziyaret\u00e7ilerin en \u00e7ok ilgisini \u00e7eken noktalardan biridir.<\/p>\n<\/div>\n<\/div>\n<\/div>\n<\/div>\n<p><!-- SSS-BITIS --><\/p>","protected":false},"excerpt":{"rendered":"<p>Amasra\u2019ya 1,5 saatlik uzakl\u0131kta bulunan Karab\u00fck\u2019\u00fcn Yenice il\u00e7esi s\u0131n\u0131rlar\u0131 i\u00e7erisindeki\u00a0\u015eeker Kanyonu do\u011fa severleri kucaklamay\u0131 bekliyor. Giri\u015fte sizi bekleyen ah\u015fap yemek evi ve asma ge\u00e7it ger\u00e7ekten heyecan verici. Foto\u011fraflardan da g\u00f6r\u00fcld\u00fc\u011f\u00fc gibi do\u011fa harikas\u0131 bir cennet \u015feker kanyonu. \u0130sterseniz dar araba yolundan \u00a0do\u011fay\u0131 ke\u015ffedin, isterseniz kanyonun i\u00e7erisinden zorlu parkurlar\u0131 a\u015farak ilerleyin se\u00e7im sizin! \u015eeker Kanyonu Foto\u011fraflar\u0131, [&hellip;]<\/p>\n","protected":false},"author":402,"featured_media":13464,"comment_status":"open","ping_status":"open","sticky":false,"template":"","format":"standard","meta":{"_yoast_wpseo_title":"","_yoast_wpseo_metadesc":"","_yoast_wpseo_focuskw":"","_yoast_wpseo_canonical":"","rank_math_title":"\u015eeker Kanyonu (Yenice-Karab\u00fck): Yol Tarifi, Konum ve Foto\u011fraflar","rank_math_description":"Amasra'ya 1,5 saat mesafedeki \u015eeker Kanyonu; asma ge\u00e7idi, ah\u015fap yemek evi ve do\u011fa y\u00fcr\u00fcy\u00fc\u015f\u00fc parkurlar\u0131yla Karab\u00fck Yenice'nin sakl\u0131 cenneti. Konum ve foto\u011fraflar.","rank_math_focus_keyword":"\u015feker kanyonu","rank_math_canonical_url":"","footnotes":""},"categories":[29,36776,36795],"tags":[],"class_list":["post-13460","post","type-post","status-publish","format-standard","has-post-thumbnail","hentry","category-gezilecek-yerler","category-amasraya-yakin-tatil-koyleri","category-one-cikan-haberler"],"_links":{"self":[{"href":"https:\/\/amasra.com.tr\/es\/wp-json\/wp\/v2\/posts\/13460","targetHints":{"allow":["GET"]}}],"collection":[{"href":"https:\/\/amasra.com.tr\/es\/wp-json\/wp\/v2\/posts"}],"about":[{"href":"https:\/\/amasra.com.tr\/es\/wp-json\/wp\/v2\/types\/post"}],"author":[{"embeddable":true,"href":"https:\/\/amasra.com.tr\/es\/wp-json\/wp\/v2\/users\/402"}],"replies":[{"embeddable":true,"href":"https:\/\/amasra.com.tr\/es\/wp-json\/wp\/v2\/comments?post=13460"}],"version-history":[{"count":0,"href":"https:\/\/amasra.com.tr\/es\/wp-json\/wp\/v2\/posts\/13460\/revisions"}],"wp:featuredmedia":[{"embeddable":true,"href":"https:\/\/amasra.com.tr\/es\/wp-json\/wp\/v2\/media\/13464"}],"wp:attachment":[{"href":"https:\/\/amasra.com.tr\/es\/wp-json\/wp\/v2\/media?parent=13460"}],"wp:term":[{"taxonomy":"category","embeddable":true,"href":"https:\/\/amasra.com.tr\/es\/wp-json\/wp\/v2\/categories?post=13460"},{"taxonomy":"post_tag","embeddable":true,"href":"https:\/\/amasra.com.tr\/es\/wp-json\/wp\/v2\/tags?post=13460"}],"curies":[{"name":"wp","href":"https:\/\/api.w.org\/{rel}","templated":true}]}}