{"id":16171,"date":"2023-04-13T15:21:16","date_gmt":"2023-04-13T12:21:16","guid":{"rendered":"http:\/\/amasra.com.tr\/?p=16171"},"modified":"2023-04-13T15:21:16","modified_gmt":"2023-04-13T12:21:16","slug":"un-libro-de-misterio-y-aventuras-en-la-ciudad-de-la-reina-amastris","status":"publish","type":"post","link":"https:\/\/amasra.com.tr\/es\/kralice-amastrisin-sehrinde-gizem-dolu-bir-macera-kitabi\/","title":{"rendered":"\u00a1Un libro de aventuras misteriosas en la ciudad de la reina Amastris!"},"content":{"rendered":"<div class=\"custom-blog-page\">\n<div>\n<h1 class=\"wg-post-detail-title\"><strong>Escrito por Tar\u0131k Demirkan, ilustrado por Yusuf Tansu \u00d6zel <em>El misterio de la mansi\u00f3n hist\u00f3rica<\/em>, publicado por &quot;Can Child Publishing&quot; para el grupo de edad de 11 a\u00f1os en adelante.<\/strong><\/h1>\n<\/div>\n<\/div>\n<article id=\"post-61181\" class=\"post-61181 post type-post status-publish format-standard has-post-thumbnail hentry category-cocuk\">\n<div class=\"inside-article\">\n<div class=\"entry-content\">\n<p><strong>Tarik Demirkan, <\/strong>En su primera novela escrita para ni\u00f1os, ella<strong> Bartin y Amasra <\/strong>Mientras los invita a unas vacaciones de verano llenas de misterio, historia y aventura en su impresionante geograf\u00eda, los lleva a un viaje misterioso en nuestra historia reciente y lejana.<\/p>\n<p>Eda y Seda, hermanas gemelas que viven en Budapest, van a Bart\u0131n, donde naci\u00f3 y creci\u00f3 su padre, por primera vez durante las vacaciones de verano. La c\u00e1lida hospitalidad de Arzu Teyze, el placer de conocer a sus primos Berk y Mutlu y el encanto del pueblo son como los heraldos de buenos tiempos. En la primera noche visitan a Nine, el miembro mayor de la familia, Zeynep Nine les cuenta la historia de la mansi\u00f3n heredada de sus bisabuelos, donde pas\u00f3 su vida. Fascinados por la historia, los ni\u00f1os est\u00e1n a punto de descubrir que la antigua mansi\u00f3n tambi\u00e9n tiene una historia que contar y guarda secretos que datan del siglo III a.C.<\/p>\n<p>\u201c<em>Cuando los ni\u00f1os empezaron a mirar a su alrededor para encontrar algo m\u00e1s que hacer y quitarse la atm\u00f3sfera del cuento que estaban escuchando, se escuch\u00f3 la voz de Eda:<\/em><\/p>\n<p><a href=\"http:\/\/amasra.com.tr\/wp-content\/uploads\/2023\/04\/amasra-cocuk-kitabi-.jpg\"><img loading=\"lazy\" decoding=\"async\" class=\"alignnone size-full wp-image-16172\" src=\"http:\/\/amasra.com.tr\/wp-content\/uploads\/2023\/04\/amasra-cocuk-kitabi-.jpg\" alt=\"\" width=\"385\" height=\"600\" srcset=\"https:\/\/amasra.com.tr\/wp-content\/uploads\/2023\/04\/amasra-cocuk-kitabi-.jpg 385w, https:\/\/amasra.com.tr\/wp-content\/uploads\/2023\/04\/amasra-cocuk-kitabi--225x350.jpg 225w, https:\/\/amasra.com.tr\/wp-content\/uploads\/2023\/04\/amasra-cocuk-kitabi--107x167.jpg 107w\" sizes=\"auto, (max-width: 385px) 100vw, 385px\" \/><\/a><\/p>\n<p><em>&#039;Abuela Zeynep, si es posible, queremos dormir en esa habitaci\u00f3n esta noche&#039;.<\/em><\/p>\n<p><em>Tras las palabras de Eda, un silencio volvi\u00f3 a descender sobre la habitaci\u00f3n, quiz\u00e1s incluso m\u00e1s profundo que antes. Seda estaba observando lo que estaba pasando, tratando de predecir a d\u00f3nde conducir\u00eda. Aunque no cre\u00eda en tales cuentos, la atm\u00f3sfera misteriosa de esta mansi\u00f3n y lo que dijo Nine Zeynep tambi\u00e9n lo impresionaron. Pero tambi\u00e9n sab\u00eda muy bien que ten\u00eda que defender la decisi\u00f3n de su hermano. Fuera lo que fuera, ser\u00eda. Iban a pasar la noche en esa habitaci\u00f3n, que se dec\u00eda que no estaba embrujada. \u00a1Solos por su cuenta! Eda habl\u00f3 por los dos.<\/em>\u201c<\/p>\n<\/div>\n<\/div>\n<\/article>","protected":false},"excerpt":{"rendered":"<p>Tar\u0131k Demirkan\u2019\u0131n yazd\u0131\u011f\u0131, Yusuf Tansu \u00d6zel\u2019in resimledi\u011fi Tarih\u00ee Kona\u011f\u0131n Gizemi, 11 ve \u00fczeri ya\u015f grubu i\u00e7in &#8220;Can \u00c7ocuk Yay\u0131nlar\u0131&#8221; taraf\u0131ndan yay\u0131mland\u0131. Tar\u0131k Demirkan, \u00e7ocuklar i\u00e7in yazd\u0131\u011f\u0131 ilk roman\u0131nda, okurlar\u0131n\u0131 Bart\u0131n ve Amasra\u2019n\u0131n etkileyici co\u011frafyas\u0131nda, gizem, tarih ve macerayla dolu bir yaz tatiline davet ederken, onlar\u0131 hem yak\u0131n hem de uzak tarihimizde esrarengiz bir yolculu\u011fa \u00e7\u0131kar\u0131yor. [&hellip;]<\/p>\n","protected":false},"author":1,"featured_media":16172,"comment_status":"open","ping_status":"open","sticky":false,"template":"","format":"standard","meta":{"footnotes":""},"categories":[89],"tags":[],"class_list":["post-16171","post","type-post","status-publish","format-standard","has-post-thumbnail","hentry","category-amasra-haberleri"],"_links":{"self":[{"href":"https:\/\/amasra.com.tr\/es\/wp-json\/wp\/v2\/posts\/16171","targetHints":{"allow":["GET"]}}],"collection":[{"href":"https:\/\/amasra.com.tr\/es\/wp-json\/wp\/v2\/posts"}],"about":[{"href":"https:\/\/amasra.com.tr\/es\/wp-json\/wp\/v2\/types\/post"}],"author":[{"embeddable":true,"href":"https:\/\/amasra.com.tr\/es\/wp-json\/wp\/v2\/users\/1"}],"replies":[{"embeddable":true,"href":"https:\/\/amasra.com.tr\/es\/wp-json\/wp\/v2\/comments?post=16171"}],"version-history":[{"count":0,"href":"https:\/\/amasra.com.tr\/es\/wp-json\/wp\/v2\/posts\/16171\/revisions"}],"wp:featuredmedia":[{"embeddable":true,"href":"https:\/\/amasra.com.tr\/es\/wp-json\/wp\/v2\/media\/16172"}],"wp:attachment":[{"href":"https:\/\/amasra.com.tr\/es\/wp-json\/wp\/v2\/media?parent=16171"}],"wp:term":[{"taxonomy":"category","embeddable":true,"href":"https:\/\/amasra.com.tr\/es\/wp-json\/wp\/v2\/categories?post=16171"},{"taxonomy":"post_tag","embeddable":true,"href":"https:\/\/amasra.com.tr\/es\/wp-json\/wp\/v2\/tags?post=16171"}],"curies":[{"name":"wp","href":"https:\/\/api.w.org\/{rel}","templated":true}]}}