{"id":17345,"date":"2026-09-01T10:00:00","date_gmt":"2026-09-01T07:00:00","guid":{"rendered":"https:\/\/amasra.com.tr\/?p=17345"},"modified":"2026-08-20T17:27:27","modified_gmt":"2026-08-20T14:27:27","slug":"sesamos-isminin-kokeni","status":"publish","type":"post","link":"https:\/\/amasra.com.tr\/ru\/sesamos-isminin-kokeni\/","title":{"rendered":"\u201cSesamos\u201d isminin k\u00f6keni"},"content":{"rendered":"<h1>\u201cSesamos\u201d \u0130sminin K\u00f6keni: Amasra&#8217;n\u0131n Tarihindeki \u0130lk \u0130zler<\/h1>\n<p>Amasra\u2019n\u0131n benzersiz tarihi, yemye\u015fil do\u011fas\u0131 ve Karadeniz\u2019e uzanan nefes kesici manzaralar\u0131yla bulu\u015fan sokaklar\u0131nda gezerken, binlerce y\u0131l \u00f6ncesinin izleriyle kar\u015f\u0131la\u015fmak m\u00fcmk\u00fcnd\u00fcr. Ancak belki de bir\u00e7ok ziyaret\u00e7inin bilmedi\u011fi, Amasra\u2019n\u0131n ilk ve en \u00f6zg\u00fcn isimlerinden biri olan <strong>\u201cSesamos\u201d<\/strong>un, bu kadim kentle nas\u0131l b\u00fct\u00fcnle\u015fti\u011fidir. Bu yaz\u0131m\u0131zda, \u201cSesamos\u201d isminin k\u00f6kenini, Amasra\u2019n\u0131n ge\u00e7mi\u015finden g\u00fcn\u00fcm\u00fcze uzanan yolculu\u011funu ve bu gizemli ad\u0131n b\u00f6lgenin dokusundaki \u00f6nemini ke\u015ffedece\u011fiz.<\/p>\n<h2>\u201cSesamos\u201d Nedir? Amasra\u2019n\u0131n \u0130lk Ad\u0131<\/h2>\n<p>Amasra, tarihsel olarak \u201cSesamos\u201d ad\u0131yla an\u0131lm\u0131\u015ft\u0131r. Homeros\u2019un me\u015fhur eseri <strong>\u0130lyada Destan\u0131\u2019nda<\/strong> bile ad\u0131 ge\u00e7en \u201cSesamos\u201d, Bat\u0131 Karadeniz\u2019in en eski yerle\u015fimlerinden biri olarak bilinir. Ara\u015ft\u0131rmalar, b\u00f6lgenin antik \u00e7a\u011flarda <strong>\u041f\u0430\u0444\u043b\u0430\u0433\u043e\u043d\u0438\u044f<\/strong> olarak adland\u0131r\u0131lan ve bug\u00fcnk\u00fc Bart\u0131n \u00e7evresini kapsayan bir co\u011frafyada yer ald\u0131\u011f\u0131n\u0131 ve \u201cSesamos\u201dun bu y\u00f6renin en g\u00f6zde limanlar\u0131ndan biri oldu\u011funu g\u00f6steriyor (<strong>Kaynak:<\/strong> Prof. Dr. \u015eerife Geni\u015f, \u201cPaphlagonia ve Amasra\u201d, K\u00fclt\u00fcr Bakanl\u0131\u011f\u0131 Yay\u0131nlar\u0131).<\/p>\n<p>Yunanca k\u00f6kenli olan \u201cSesamos\u201d ismi, zaman i\u00e7inde de\u011fi\u015ferek \u00f6nce \u201cAmastris\u201d, ard\u0131ndan da g\u00fcn\u00fcm\u00fczde bildi\u011fimiz \u201cAmasra\u201d formuna d\u00f6n\u00fc\u015fm\u00fc\u015ft\u00fcr. <strong>\u0130skenderiye\u2019li Amastris<\/strong> ad\u0131n\u0131 ta\u015f\u0131yan Pontus Krali\u00e7esi, kenti yeniden in\u015fa ettirmi\u015f ve \u015fehre kendi ad\u0131n\u0131 vermi\u015ftir. Ancak bu de\u011fi\u015fimden \u00f6nce, kentin k\u00f6kenlerinde ve bug\u00fcn hala korunan baz\u0131 tarihi kal\u0131nt\u0131larda \u201cSesamos\u201d ismi ya\u015famaya devam ediyor.<\/p>\n<p><!-- CLAUDE-GORSEL --><\/p>\n<figure class=\"wp-block-image size-full\" style=\"margin:2em 0;width:100%;padding:0;\"><img decoding=\"async\" src=\"https:\/\/amasra.com.tr\/wp-content\/uploads\/2017\/06\/amasra-muzesi-fotograflari.jpg\" alt=\"Amasra M\u00fczesi \u2014 antik d\u00f6nem eserleri\" class=\"wp-image-12873\" width=\"970\" height=\"647\" style=\"width:100%;height:auto;display:block;border-radius:4px;\" loading=\"lazy\" srcset=\"https:\/\/amasra.com.tr\/wp-content\/uploads\/2017\/06\/amasra-muzesi-fotograflari.jpg 970w, https:\/\/amasra.com.tr\/wp-content\/uploads\/2017\/06\/amasra-muzesi-fotograflari-350x233.jpg 350w, https:\/\/amasra.com.tr\/wp-content\/uploads\/2017\/06\/amasra-muzesi-fotograflari-167x111.jpg 167w, https:\/\/amasra.com.tr\/wp-content\/uploads\/2017\/06\/amasra-muzesi-fotograflari-272x182.jpg 272w, https:\/\/amasra.com.tr\/wp-content\/uploads\/2017\/06\/amasra-muzesi-fotograflari-768x512.jpg 768w\" sizes=\"auto, (max-width: 970px) 100vw, 970px\" \/><figcaption style=\"text-align:center;font-size:0.9em;opacity:0.75;margin-top:0.5em;\">Amasra M\u00fczesi \u2014 antik d\u00f6nem eserleri<\/figcaption><\/figure>\n<h2>Antik D\u00f6nemden G\u00fcn\u00fcm\u00fcze: Sesamos\u2019un \u0130zinde Amasra\u2019daki Tarih Turu<\/h2>\n<p>Amasra\u2019y\u0131 ziyaret edip onun huzurlu atmosferinde dinlenmek isteyenler i\u00e7in, antik \u201cSesamos\u201ddan g\u00fcn\u00fcm\u00fcze kalan izler adeta bir <strong>Amasra gezi rehberi<\/strong> niteli\u011fi ta\u015f\u0131yor. \u015eehre ayak bast\u0131\u011f\u0131n\u0131zda, <strong>\u0417\u0430\u043c\u043e\u043a \u0410\u043c\u0430\u0441\u0440\u0430<\/strong>, Roma d\u00f6neminden kalma surlar ve Bizans d\u00f6nemine ait kilise kal\u0131nt\u0131lar\u0131 halen ayakta. Kale surlar\u0131ndan Karadeniz\u2019in masmavi sular\u0131na bakarken, binlerce y\u0131l \u00f6nce buradan denize a\u00e7\u0131lan ticaret gemilerini hayal edebilirsiniz.<\/p>\n<p>Bir\u00e7ok <strong>Amasra pansiyonu<\/strong> ve butik <strong>\u041e\u0442\u0435\u043b\u0438 \u0410\u043c\u0430\u0441\u0440\u044b<\/strong>, tarihi dokunun i\u00e7inde, eski ta\u015f konaklarda misafirlerini a\u011f\u0131rl\u0131yor. E\u011fer <strong>Amasra\u2019da nerede kal\u0131n\u0131r<\/strong> diye d\u00fc\u015f\u00fcn\u00fcyorsan\u0131z, tarih merakl\u0131lar\u0131na \u015fehrin merkezindeki otantik pansiyonlar, hem konfor hem de nostalji sunuyor. Baz\u0131 pansiyonlar, antik liman manzaras\u0131na a\u00e7\u0131lan balkonlar\u0131yla, size adeta Sesamos\u2019un ruhunu ya\u015fat\u0131yor.<\/p>\n<h2>Do\u011fan\u0131n ve Tarihin Bulu\u015ftu\u011fu Nokta: Manzaralar ve Konaklama \u00d6nerileri<\/h2>\n<p>Amasra\u2019n\u0131n d\u00f6rt bir yan\u0131n\u0131 ke\u015ffederken, do\u011fa ve tarihin i\u00e7 i\u00e7e ge\u00e7ti\u011fi romantik k\u00f6\u015felerine mutlaka u\u011framal\u0131s\u0131n\u0131z. <strong>Boztepe Adas\u0131\u2019ndan<\/strong> kente bak\u0131nca, antik d\u00f6nemin izleriyle sarmalanm\u0131\u015f do\u011fal g\u00fczellikleri g\u00f6rebilirsiniz. \u00d6zellikle seyahat plan<\/p>","protected":false},"excerpt":{"rendered":"<p>\u201cSesamos\u201d \u0130sminin K\u00f6keni: Amasra&#8217;n\u0131n Tarihindeki \u0130lk \u0130zler Amasra\u2019n\u0131n benzersiz tarihi, yemye\u015fil do\u011fas\u0131 ve Karadeniz\u2019e uzanan nefes kesici manzaralar\u0131yla bulu\u015fan sokaklar\u0131nda gezerken, binlerce y\u0131l \u00f6ncesinin izleriyle kar\u015f\u0131la\u015fmak m\u00fcmk\u00fcnd\u00fcr. Ancak belki de bir\u00e7ok ziyaret\u00e7inin bilmedi\u011fi, Amasra\u2019n\u0131n ilk ve en \u00f6zg\u00fcn isimlerinden biri olan \u201cSesamos\u201dun, bu kadim kentle nas\u0131l b\u00fct\u00fcnle\u015fti\u011fidir. Bu yaz\u0131m\u0131zda, \u201cSesamos\u201d isminin k\u00f6kenini, Amasra\u2019n\u0131n ge\u00e7mi\u015finden g\u00fcn\u00fcm\u00fcze [&hellip;]<\/p>\n","protected":false},"author":1,"featured_media":17039,"comment_status":"open","ping_status":"open","sticky":false,"template":"","format":"standard","meta":{"_yoast_wpseo_title":"","_yoast_wpseo_metadesc":"","_yoast_wpseo_focuskw":"","_yoast_wpseo_canonical":"","rank_math_title":"Sesamos: Amasra'n\u0131n \u0130lk Ad\u0131n\u0131n K\u00f6keni","rank_math_description":"Homeros'un \u0130lyada's\u0131nda ge\u00e7en Sesamos ad\u0131 nereden geliyor? Amasra'n\u0131n ilk isminin k\u00f6keni ve antik Paphlagonia b\u00f6lgesindeki yeri.","rank_math_focus_keyword":"sesamos","rank_math_canonical_url":"","footnotes":""},"categories":[36844,83],"tags":[],"class_list":["post-17345","post","type-post","status-publish","format-standard","has-post-thumbnail","hentry","category-amasra-arastirmalari","category-tarihi-yerler"],"_links":{"self":[{"href":"https:\/\/amasra.com.tr\/ru\/wp-json\/wp\/v2\/posts\/17345","targetHints":{"allow":["GET"]}}],"collection":[{"href":"https:\/\/amasra.com.tr\/ru\/wp-json\/wp\/v2\/posts"}],"about":[{"href":"https:\/\/amasra.com.tr\/ru\/wp-json\/wp\/v2\/types\/post"}],"author":[{"embeddable":true,"href":"https:\/\/amasra.com.tr\/ru\/wp-json\/wp\/v2\/users\/1"}],"replies":[{"embeddable":true,"href":"https:\/\/amasra.com.tr\/ru\/wp-json\/wp\/v2\/comments?post=17345"}],"version-history":[{"count":2,"href":"https:\/\/amasra.com.tr\/ru\/wp-json\/wp\/v2\/posts\/17345\/revisions"}],"predecessor-version":[{"id":17503,"href":"https:\/\/amasra.com.tr\/ru\/wp-json\/wp\/v2\/posts\/17345\/revisions\/17503"}],"wp:featuredmedia":[{"embeddable":true,"href":"https:\/\/amasra.com.tr\/ru\/wp-json\/wp\/v2\/media\/17039"}],"wp:attachment":[{"href":"https:\/\/amasra.com.tr\/ru\/wp-json\/wp\/v2\/media?parent=17345"}],"wp:term":[{"taxonomy":"category","embeddable":true,"href":"https:\/\/amasra.com.tr\/ru\/wp-json\/wp\/v2\/categories?post=17345"},{"taxonomy":"post_tag","embeddable":true,"href":"https:\/\/amasra.com.tr\/ru\/wp-json\/wp\/v2\/tags?post=17345"}],"curies":[{"name":"wp","href":"https:\/\/api.w.org\/{rel}","templated":true}]}}