{"id":17350,"date":"2026-09-05T10:00:00","date_gmt":"2026-09-05T07:00:00","guid":{"rendered":"https:\/\/amasra.com.tr\/?p=17350"},"modified":"2026-08-20T17:27:29","modified_gmt":"2026-08-20T14:27:29","slug":"roma-ve-bizans-doneminde-kent-kimligi","status":"publish","type":"post","link":"https:\/\/amasra.com.tr\/ru\/roma-ve-bizans-doneminde-kent-kimligi\/","title":{"rendered":"Roma ve Bizans d\u00f6neminde kent kimli\u011fi"},"content":{"rendered":"<h1>Roma ve Bizans D\u00f6neminde Kent Kimli\u011fi: Amasra&#8217;n\u0131n Tarihi Yolculu\u011fu<\/h1>\n<h2>Amasra\u2019n\u0131n Antik \u00c7a\u011fda Do\u011fu\u015fu ve Geli\u015fimi<\/h2>\n<p>\nAmasra, Karadeniz\u2019in en e\u015fsiz sahil kasabalar\u0131ndan biri olmas\u0131n\u0131n yan\u0131 s\u0131ra, tarih boyunca bir\u00e7ok korunmu\u015f kent dokusuna ev sahipli\u011fi yapm\u0131\u015ft\u0131r. \u00d6zellikle <strong>Roma ve Bizans d\u00f6nemleri<\/strong>, kentin kimli\u011finin \u015fekillendi\u011fi, k\u00fclt\u00fcrlerin ve inan\u00e7lar\u0131n birle\u015fti\u011fi kritik zamanlard\u0131r. Antik \u00c7a\u011f&#8217;da <strong>\u0430\u043c\u0430\u0441\u0442\u0440\u0438\u0441<\/strong> ad\u0131yla an\u0131lan Amasra, Helenistik d\u00f6nemde \u00f6nemli bir liman kenti olmu\u015f, daha sonra ise Roma \u0130mparatorlu\u011fu\u2019nun Karadeniz\u2019deki en kuzeydeki korunan kalelerinden biri olmu\u015ftur <strong>(Kaynak: T.C. K\u00fclt\u00fcr Bakanl\u0131\u011f\u0131 K\u00fclt\u00fcr Varl\u0131klar\u0131 ve M\u00fczeler Genel M\u00fcd\u00fcrl\u00fc\u011f\u00fc)<\/strong>.\n<\/p>\n<p>\nKente giri\u015f yapt\u0131\u011f\u0131n\u0131zda sizi kar\u015f\u0131layan <strong>\u0417\u0430\u043c\u043e\u043a \u0410\u043c\u0430\u0441\u0440\u0430<\/strong>, hem Roma hem de Bizans d\u00f6nemlerinde stratejik bir rol \u00fcstlenmi\u015ftir. Kalede gezerken, farkl\u0131 medeniyetlerden izler ta\u015f\u0131yan surlar ve ayakta kalan kuleler ile zamana direnen tarihi hissedebilirsiniz. G\u00fcn\u00fcm\u00fczde kale ve \u00e7evresindeki ta\u015f sokaklar, <strong>Amasra gezi rehberi<\/strong> denilince akla ilk gelen simgelerden biridir.\n<\/p>\n<p><!-- CLAUDE-GORSEL --><\/p>\n<figure class=\"wp-block-image size-full\" style=\"margin:2em 0;width:100%;padding:0;\"><img decoding=\"async\" src=\"https:\/\/amasra.com.tr\/wp-content\/uploads\/2025\/03\/Amasra-Mezarligi-Antik-Tiyatrodan-fotograf.jpg\" alt=\"Roma-Bizans d\u00f6nemi ta\u015f kemer ve kabartmalar\" class=\"wp-image-16898\" width=\"999\" height=\"663\" style=\"width:100%;height:auto;display:block;border-radius:4px;\" loading=\"lazy\" srcset=\"https:\/\/amasra.com.tr\/wp-content\/uploads\/2025\/03\/Amasra-Mezarligi-Antik-Tiyatrodan-fotograf.jpg 999w, https:\/\/amasra.com.tr\/wp-content\/uploads\/2025\/03\/Amasra-Mezarligi-Antik-Tiyatrodan-fotograf-230x153.jpg 230w, https:\/\/amasra.com.tr\/wp-content\/uploads\/2025\/03\/Amasra-Mezarligi-Antik-Tiyatrodan-fotograf-350x232.jpg 350w, https:\/\/amasra.com.tr\/wp-content\/uploads\/2025\/03\/Amasra-Mezarligi-Antik-Tiyatrodan-fotograf-768x510.jpg 768w, https:\/\/amasra.com.tr\/wp-content\/uploads\/2025\/03\/Amasra-Mezarligi-Antik-Tiyatrodan-fotograf-18x12.jpg 18w, https:\/\/amasra.com.tr\/wp-content\/uploads\/2025\/03\/Amasra-Mezarligi-Antik-Tiyatrodan-fotograf-633x420.jpg 633w, https:\/\/amasra.com.tr\/wp-content\/uploads\/2025\/03\/Amasra-Mezarligi-Antik-Tiyatrodan-fotograf-640x425.jpg 640w, https:\/\/amasra.com.tr\/wp-content\/uploads\/2025\/03\/Amasra-Mezarligi-Antik-Tiyatrodan-fotograf-681x452.jpg 681w\" sizes=\"auto, (max-width: 999px) 100vw, 999px\" \/><figcaption style=\"text-align:center;font-size:0.9em;opacity:0.75;margin-top:0.5em;\">Roma-Bizans d\u00f6nemi ta\u015f kemer ve kabartmalar<\/figcaption><\/figure>\n<h2>Roma ve Bizans Mimarisinin \u0130zleri<\/h2>\n<p>\n<strong>Roma ve Bizans d\u00f6nemlerinin<\/strong> kent kimli\u011fi \u00fczerindeki izleri, g\u00fcn\u00fcm\u00fcz Amasra\u2019s\u0131nda fazlas\u0131yla hissedilir. Yar\u0131madan\u0131n etraf\u0131nda dola\u015f\u0131rken, \u00f6zellikle <strong>\u041a\u0435\u043c\u0435\u0440\u0441\u043a\u0438\u0439 \u043c\u043e\u0441\u0442<\/strong> gibi yap\u0131lar Roma m\u00fchendisli\u011finin zarafetini sergiler. Bu k\u00f6pr\u00fc, Bizans&#8217;\u0131n savunma ve yol a\u011f\u0131 a\u00e7\u0131s\u0131ndan geli\u015ftirdi\u011fi yap\u0131 tekniklerini de yans\u0131t\u0131r.\n<\/p>\n<p>\nBir di\u011fer dikkat \u00e7eken yap\u0131 da, kentin ortas\u0131nda yer alan ve halen ibadete a\u00e7\u0131k olan <strong>Kilise Camii<\/strong>&#8216;dir. Bu b\u00fcy\u00fcleyici dini yap\u0131, Bizans d\u00f6neminde kilise olarak kullan\u0131lm\u0131\u015f; Osmanl\u0131 d\u00f6neminde ise camiye d\u00f6n\u00fc\u015ft\u00fcr\u00fclm\u00fc\u015ft\u00fcr. Bu \u00f6zellikleriyle Amasra, \u00e7ok k\u00fclt\u00fcrl\u00fc ya\u015fam\u0131n e\u015fsiz \u00f6rneklerinden biri olarak \u00f6ne \u00e7\u0131kar.\n<\/p>\n<h2>Do\u011fas\u0131, Sokaklar\u0131 ve Manzaralar\u0131yla Amasra<\/h2>\n<p>\nAmasra sadece tarihiyle de\u011fil, do\u011fan\u0131n c\u00f6mertli\u011fini de her k\u00f6\u015fesinde hissettirir. Roma ve Bizans d\u00f6nemlerinden kalan ta\u015f sokaklar, <strong>\u041e\u0442\u0435\u043b\u0438 \u0410\u043c\u0430\u0441\u0440\u044b<\/strong> ile \u00e7evrili unutulmaz manzaralara a\u00e7\u0131l\u0131r. Kalenin surlar\u0131ndan Eski Liman ve Boztepe\u2019ye bakan manzaralar, romantik bir tatil i\u00e7in ideal ortamlardan biridir.\n<\/p>\n<p>\n\u015eehir merkezinde huzurlu bir y\u00fcr\u00fcy\u00fc\u015f yaparken, <strong>\u0410\u043c\u0430\u0441\u0440\u0430 \u0445\u043e\u0441\u0442\u0435\u043b\u044b<\/strong>n\u0131n bah\u00e7elerinde yorgunluk atabilir, taze deniz \u00fcr\u00fcnlerinden olu\u015fan bir ak\u015fam yeme\u011fi i\u00e7in sahil restoranlar\u0131n\u0131 tercih edebilirsiniz. Denize kar\u015f\u0131 kahvalt\u0131 yapmak isterseniz, pansiyonlar\u0131n yerel lezzetler sunan mutfaklar\u0131n\u0131 da denemek enfes bir deneyim olacakt\u0131r.\n<\/p>\n<p><!-- CLAUDE-GORSEL --><\/p>\n<figure class=\"wp-block-image size-full\" style=\"margin:2em 0;width:100%;padding:0;\"><img decoding=\"async\" src=\"https:\/\/amasra.com.tr\/wp-content\/uploads\/2018\/06\/amasra-cenova-satosu-ve-kale-5.jpg\" alt=\"Cenova \u015eatosu kal\u0131nt\u0131lar\u0131, Kalei\u00e7i\" class=\"wp-image-14080\" width=\"1200\" height=\"800\" style=\"width:100%;height:auto;display:block;border-radius:4px;\" loading=\"lazy\" srcset=\"https:\/\/amasra.com.tr\/wp-content\/uploads\/2018\/06\/amasra-cenova-satosu-ve-kale-5.jpg 1200w, https:\/\/amasra.com.tr\/wp-content\/uploads\/2018\/06\/amasra-cenova-satosu-ve-kale-5-768x512.jpg 768w, https:\/\/amasra.com.tr\/wp-content\/uploads\/2018\/06\/amasra-cenova-satosu-ve-kale-5-350x233.jpg 350w, https:\/\/amasra.com.tr\/wp-content\/uploads\/2018\/06\/amasra-cenova-satosu-ve-kale-5-167x111.jpg 167w, https:\/\/amasra.com.tr\/wp-content\/uploads\/2018\/06\/amasra-cenova-satosu-ve-kale-5-272x182.jpg 272w\" sizes=\"auto, (max-width: 1200px) 100vw, 1200px\" \/><figcaption style=\"text-align:center;font-size:0.9em;opacity:0.75;margin-top:0.5em;\">Cenova \u015eatosu kal\u0131nt\u0131lar\u0131, Kalei\u00e7i<\/figcaption><\/figure>\n<h2>Amasra\u2019da Konaklama ve Tatil \u00d6nerileri<\/h2>\n<p>\nAmasra\u2019n\u0131n benzersiz tarihi dokusunu ke\u015ffetmek isteyenler i\u00e7in <strong>Amasra\u2019da nerede kal\u0131n\u0131r<\/strong> sorusu s\u0131k\u00e7a sorulur. Osmanl\u0131 ve Bizans d\u00f6neminden izler ta\u015f\u0131yan ta\u015f evlerin konuklara a\u00e7\u0131ld\u0131\u011f\u0131 <strong>\u0410\u043c\u0430\u0441\u0440\u0430 \u0445\u043e\u0441\u0442\u0435\u043b\u044b<\/strong> kadar, modern ancak tarihi dokuya uygun olarak tasarlanm\u0131\u015f <strong>\u041e\u0442\u0435\u043b\u0438 \u0410\u043c\u0430\u0441\u0440\u044b<\/strong> de keyifli bir konaklama sunar.\n<\/p>\n<p>\nTatil planlar\u0131n\u0131zda <strong>Amasra konaklama<\/strong> se\u00e7eneklerine g\u00f6z atarken, \u015fehir merkezine ve kaleye y\u00fcr\u00fcme mesafesindeki tesisleri tercih edebilirsiniz. E\u011fer romantik bir ka\u00e7amak ar\u0131yorsan\u0131z, Boztepe eteklerinde yer alan pansiyonlarda g\u00fcn bat\u0131m\u0131 izlemek veya tarihi sokaklarda ak\u015fam y\u00fcr\u00fcy\u00fc\u015flerine \u00e7\u0131kmak harika hissettirir. <strong>Amasra tatil \u00f6nerileri<\/strong> aras\u0131nda, plajlarda dinlenmek ve manzaral\u0131 bir restoranda y\u00f6resel yemeklerin tad\u0131na bakmak da mutlaka yer almal\u0131.\n<\/p>\n<h2>S\u0131k Sorulan Sorular<\/h2>\n<h3>Soru 1: Roma ve Bizans d\u00f6neminden kalan en \u00f6nemli tarihi yap\u0131lar hangileridir?<\/h3>\n<p>\nAmasra Kalesi, Kemere K\u00f6pr\u00fcs\u00fc ve Kilise Camii, kentte mutlaka g\u00f6r\u00fclmesi gereken tarihi yap\u0131lard\u0131r. Bu yap\u0131lar hem Roma hem de Bizans d\u00f6nemlerine ait \u00f6zellikler ta\u015f\u0131r.\n<\/p>\n<h3>Soru 2: Amasra\u2019da konaklama i\u00e7in hangi b\u00f6lgeler \u00f6nerilir?<\/h3>\n<p>\nKale \u00e7evresi, Eski Liman ve Boztepe manzaral\u0131 b\u00f6lgelerdeki <strong>\u0410\u043c\u0430\u0441\u0440\u0430 \u0445\u043e\u0441\u0442\u0435\u043b\u044b<\/strong> \u0418 <strong>\u041e\u0442\u0435\u043b\u0438 \u0410\u043c\u0430\u0441\u0440\u044b<\/strong> hem tarihi dokuya yak\u0131nl\u0131\u011f\u0131 hem de muhte\u015fem manzaralar\u0131yla \u00f6nerilir.\n<\/p>\n<h3>Soru 3: Tarihi geziler d\u0131\u015f\u0131nda Amasra\u2019da neler yap\u0131labilir?<\/h3>\n<p>\n\u015eehirde do\u011fa y\u00fcr\u00fcy\u00fc\u015f\u00fc, sahil boyunca bisiklet turu, plajda denize girmek ve bal\u0131k restoranlar\u0131nda taze deniz \u00fcr\u00fcnleri tad\u0131m\u0131 gibi pek \u00e7ok aktivite bulunuyor. Ayr\u0131ca <strong>Amasra gezi rehberi<\/strong> ile farkl\u0131 rotalar\u0131 ke\u015ffedebilirsiniz.\n<\/p>\n<p><strong>Kaynak:<\/strong> <a href=\"https:\/\/amasra.com.tr\/ru\/\">www.amasra.com.tr<\/a><\/p>","protected":false},"excerpt":{"rendered":"<p>Roma ve Bizans D\u00f6neminde Kent Kimli\u011fi: Amasra&#8217;n\u0131n Tarihi Yolculu\u011fu Amasra\u2019n\u0131n Antik \u00c7a\u011fda Do\u011fu\u015fu ve Geli\u015fimi Amasra, Karadeniz\u2019in en e\u015fsiz sahil kasabalar\u0131ndan biri olmas\u0131n\u0131n yan\u0131 s\u0131ra, tarih boyunca bir\u00e7ok korunmu\u015f kent dokusuna ev sahipli\u011fi yapm\u0131\u015ft\u0131r. \u00d6zellikle Roma ve Bizans d\u00f6nemleri, kentin kimli\u011finin \u015fekillendi\u011fi, k\u00fclt\u00fcrlerin ve inan\u00e7lar\u0131n birle\u015fti\u011fi kritik zamanlard\u0131r. Antik \u00c7a\u011f&#8217;da Amastris ad\u0131yla an\u0131lan Amasra, Helenistik [&hellip;]<\/p>\n","protected":false},"author":1,"featured_media":16885,"comment_status":"open","ping_status":"open","sticky":false,"template":"","format":"standard","meta":{"_yoast_wpseo_title":"","_yoast_wpseo_metadesc":"","_yoast_wpseo_focuskw":"","_yoast_wpseo_canonical":"","rank_math_title":"Roma ve Bizans D\u00f6neminde Amasra: Kent Kimli\u011fi","rank_math_description":"Amasra'n\u0131n Roma ve Bizans d\u00f6nemleri: kale, surlar, ta\u015f sokaklar ve g\u00fcn\u00fcm\u00fcze ula\u015fan mimari izler. Kentin kimli\u011fini \u015fekillendiren y\u00fczy\u0131llar.","rank_math_focus_keyword":"roma bizans amasra","rank_math_canonical_url":"","footnotes":""},"categories":[36844,83],"tags":[],"class_list":["post-17350","post","type-post","status-publish","format-standard","has-post-thumbnail","hentry","category-amasra-arastirmalari","category-tarihi-yerler"],"_links":{"self":[{"href":"https:\/\/amasra.com.tr\/ru\/wp-json\/wp\/v2\/posts\/17350","targetHints":{"allow":["GET"]}}],"collection":[{"href":"https:\/\/amasra.com.tr\/ru\/wp-json\/wp\/v2\/posts"}],"about":[{"href":"https:\/\/amasra.com.tr\/ru\/wp-json\/wp\/v2\/types\/post"}],"author":[{"embeddable":true,"href":"https:\/\/amasra.com.tr\/ru\/wp-json\/wp\/v2\/users\/1"}],"replies":[{"embeddable":true,"href":"https:\/\/amasra.com.tr\/ru\/wp-json\/wp\/v2\/comments?post=17350"}],"version-history":[{"count":2,"href":"https:\/\/amasra.com.tr\/ru\/wp-json\/wp\/v2\/posts\/17350\/revisions"}],"predecessor-version":[{"id":17504,"href":"https:\/\/amasra.com.tr\/ru\/wp-json\/wp\/v2\/posts\/17350\/revisions\/17504"}],"wp:featuredmedia":[{"embeddable":true,"href":"https:\/\/amasra.com.tr\/ru\/wp-json\/wp\/v2\/media\/16885"}],"wp:attachment":[{"href":"https:\/\/amasra.com.tr\/ru\/wp-json\/wp\/v2\/media?parent=17350"}],"wp:term":[{"taxonomy":"category","embeddable":true,"href":"https:\/\/amasra.com.tr\/ru\/wp-json\/wp\/v2\/categories?post=17350"},{"taxonomy":"post_tag","embeddable":true,"href":"https:\/\/amasra.com.tr\/ru\/wp-json\/wp\/v2\/tags?post=17350"}],"curies":[{"name":"wp","href":"https:\/\/api.w.org\/{rel}","templated":true}]}}